{"id":26880,"date":"2024-11-26T17:13:48","date_gmt":"2024-11-26T17:13:48","guid":{"rendered":"https:\/\/cnctulua.tv\/?p=26880"},"modified":"2024-11-26T17:17:07","modified_gmt":"2024-11-26T17:17:07","slug":"tulua-se-une-en-la-lucha-contra-la-violencia-de-genero-organizaciones-exigen-proteccion-y-justicia-para-las-mujeres","status":"publish","type":"post","link":"https:\/\/cnctulua.tv\/?p=26880","title":{"rendered":"TULU\u00c1 SE UNE EN LA LUCHA CONTRA LA VIOLENCIA DE G\u00c9NERO: ORGANIZACIONES EXIGEN PROTECCI\u00d3N Y JUSTICIA PARA LAS MUJERES."},"content":{"rendered":"\n<p><\/p>\n\n\n\n<p>En el municipio de Tulu\u00e1, mujeres y organizaciones sociales han intensificado sus esfuerzos para enfrentar y erradicar la violencia de g\u00e9nero, un problema que afecta a miles de mujeres en la regi\u00f3n. A trav\u00e9s de diferentes acciones, tales como campa\u00f1as de sensibilizaci\u00f3n y la promoci\u00f3n de rutas de atenci\u00f3n eficaces, los colectivos locales buscan dar visibilidad a esta grave problem\u00e1tica y garantizar que las v\u00edctimas reciban el apoyo que necesitan.<\/p>\n\n\n\n<p><\/p>\n\n\n\n<figure class=\"wp-block-embed is-type-video is-provider-youtube wp-block-embed-youtube wp-embed-aspect-16-9 wp-has-aspect-ratio\"><div class=\"wp-block-embed__wrapper\">\nhttps:\/\/youtu.be\/xbqDfcNeKfk\n<\/div><\/figure>\n\n\n\n<p>Olga Milena Barona, miembro del Grupo de Promotoras del Taller Abierto en Tulu\u00e1, expres\u00f3 que la principal barrera para que muchas mujeres denuncien la violencia es el miedo, sumado a factores como la dependencia econ\u00f3mica y la falta de confianza en las instituciones. \u00abMuchas mujeres callan por temor a represalias o por no tener los recursos para afrontar una denuncia\u00bb, afirm\u00f3 Barona. La activista subraya la importancia de fortalecer las rutas de atenci\u00f3n en el municipio y asegurar que los mecanismos de protecci\u00f3n, como la mesa de erradicaci\u00f3n de la violencia y el comit\u00e9 de asuntos femeninos, funcionen adecuadamente.<\/p>\n\n\n\n<figure class=\"wp-block-image size-full is-resized\"><img loading=\"lazy\" decoding=\"async\" width=\"240\" height=\"210\" src=\"https:\/\/cnctulua.tv\/wp-content\/uploads\/2024\/11\/images-2-1.jpg\" alt=\"\" class=\"wp-image-26901\" style=\"width:781px;height:auto\"\/><\/figure>\n\n\n\n<p>Barona tambi\u00e9n destac\u00f3 la necesidad de que las instituciones locales se coordinen mejor para ofrecer una respuesta r\u00e1pida y efectiva a las v\u00edctimas. \u00abLas mujeres deben sentirse respaldadas por las entidades encargadas de su protecci\u00f3n, y la ruta de atenci\u00f3n no debe perderse en la burocracia\u00bb, a\u00f1adi\u00f3. En este sentido, las promotoras sociales contin\u00faan trabajando de la mano con las autoridades locales para mejorar los procesos de denuncia y apoyo a las mujeres.<\/p>\n\n\n\n<p>A nivel regional, organizaciones como Confluencia, que agrupa a mujeres de todo el Valle del Cauca, tambi\u00e9n han alzado la voz para exigir mayor cumplimiento de las leyes y pol\u00edticas p\u00fablicas que protegen a las mujeres. Seg\u00fan los voceros de estas organizaciones, es fundamental que se garantice un acceso real y efectivo a la justicia para todas las mujeres, sin importar su contexto social o econ\u00f3mico.<\/p>\n\n\n\n<p>El 25 de noviembre, D\u00eda Internacional de la Eliminaci\u00f3n de la Violencia contra la Mujer, se ha convertido en una fecha clave para las organizaciones de mujeres en Tulu\u00e1. Para Carolina Bedoya, Trabajadora Social y parte del Taller Abierto, este d\u00eda es un recordatorio de la lucha constante de las mujeres por sus derechos y una oportunidad para exigir el cumplimiento de la normatividad vigente que protege a las mujeres. \u00abEs una fecha de resistencia y de lucha, pero tambi\u00e9n de reconocimiento de nuestros derechos y de exigencia para que se respeten\u00bb, afirm\u00f3 Bedoya.<\/p>\n\n\n\n<p>Las organizaciones de Tulu\u00e1, como el Taller Abierto, insisten en que la violencia de g\u00e9nero debe ser erradicada desde sus primeras manifestaciones, trabajando tanto con ni\u00f1as, adolescentes y j\u00f3venes, como con mujeres adultas mayores. Seg\u00fan las activistas, es esencial que se establezcan pol\u00edticas p\u00fablicas m\u00e1s efectivas que aborden la violencia en todas sus formas, incluyendo el maltrato f\u00edsico, psicol\u00f3gico y econ\u00f3mico.<\/p>\n\n\n\n<p>A pesar de los avances, las organizaciones aseguran que a\u00fan queda mucho por hacer. La lucha por erradicar la violencia de g\u00e9nero y garantizar la plena protecci\u00f3n de los derechos de las mujeres contin\u00faa siendo una prioridad para los colectivos en Tulu\u00e1. Con acciones como la sensibilizaci\u00f3n comunitaria, la capacitaci\u00f3n de las autoridades y el fortalecimiento de las rutas de atenci\u00f3n, las organizaciones locales esperan que cada vez m\u00e1s mujeres se sientan seguras para denunciar y recibir el apoyo necesario.<\/p>\n","protected":false},"excerpt":{"rendered":"<p>En el municipio de Tulu\u00e1, mujeres y organizaciones sociales han intensificado sus esfuerzos para enfrentar y erradicar la violencia de g\u00e9nero, un problema que afecta a miles de mujeres en la regi\u00f3n. A trav\u00e9s de diferentes acciones, tales como campa\u00f1as de sensibilizaci\u00f3n y la promoci\u00f3n de rutas de atenci\u00f3n eficaces, los colectivos locales buscan dar [&hellip;]<\/p>\n","protected":false},"author":4,"featured_media":0,"comment_status":"open","ping_status":"open","sticky":false,"template":"","format":"video","meta":{"footnotes":""},"categories":[1],"tags":[],"class_list":["post-26880","post","type-post","status-publish","format-video","hentry","category-uncategorized","post_format-post-format-video"],"_links":{"self":[{"href":"https:\/\/cnctulua.tv\/index.php?rest_route=\/wp\/v2\/posts\/26880","targetHints":{"allow":["GET"]}}],"collection":[{"href":"https:\/\/cnctulua.tv\/index.php?rest_route=\/wp\/v2\/posts"}],"about":[{"href":"https:\/\/cnctulua.tv\/index.php?rest_route=\/wp\/v2\/types\/post"}],"author":[{"embeddable":true,"href":"https:\/\/cnctulua.tv\/index.php?rest_route=\/wp\/v2\/users\/4"}],"replies":[{"embeddable":true,"href":"https:\/\/cnctulua.tv\/index.php?rest_route=%2Fwp%2Fv2%2Fcomments&post=26880"}],"version-history":[{"count":1,"href":"https:\/\/cnctulua.tv\/index.php?rest_route=\/wp\/v2\/posts\/26880\/revisions"}],"predecessor-version":[{"id":26917,"href":"https:\/\/cnctulua.tv\/index.php?rest_route=\/wp\/v2\/posts\/26880\/revisions\/26917"}],"wp:attachment":[{"href":"https:\/\/cnctulua.tv\/index.php?rest_route=%2Fwp%2Fv2%2Fmedia&parent=26880"}],"wp:term":[{"taxonomy":"category","embeddable":true,"href":"https:\/\/cnctulua.tv\/index.php?rest_route=%2Fwp%2Fv2%2Fcategories&post=26880"},{"taxonomy":"post_tag","embeddable":true,"href":"https:\/\/cnctulua.tv\/index.php?rest_route=%2Fwp%2Fv2%2Ftags&post=26880"}],"curies":[{"name":"wp","href":"https:\/\/api.w.org\/{rel}","templated":true}]}}