{"id":26965,"date":"2024-11-27T18:53:13","date_gmt":"2024-11-27T18:53:13","guid":{"rendered":"https:\/\/cnctulua.tv\/?p=26965"},"modified":"2024-11-27T19:42:45","modified_gmt":"2024-11-27T19:42:45","slug":"la-policia-nacional-en-tulua-recupera-espacios-publicos-para-la-convivencia-y-el-bienestar-ciudadano","status":"publish","type":"post","link":"https:\/\/cnctulua.tv\/?p=26965","title":{"rendered":"LA POLIC\u00cdA NACIONAL EN TULU\u00c1 RECUPERA ESPACIOS P\u00daBLICOS PARA LA CONVIVENCIA Y EL BIENESTAR CIUDADANO."},"content":{"rendered":"\n<p><\/p>\n\n\n\n<p>En Tulu\u00e1, la Polic\u00eda Nacional a trav\u00e9s de su iniciativa dentro del &#8216;Plan Integral de Transformaci\u00f3n de Entornos para la Vida&#8217;. Este proyecto busca mejorar los espacios de recreaci\u00f3n y esparcimiento en el municipio, a trav\u00e9s de una serie de actividades que involucran tanto a las autoridades como a la comunidad.<\/p>\n\n\n\n<p><\/p>\n\n\n\n<figure class=\"wp-block-embed is-type-video is-provider-youtube wp-block-embed-youtube wp-embed-aspect-16-9 wp-has-aspect-ratio\"><div class=\"wp-block-embed__wrapper\">\n<iframe loading=\"lazy\" title=\"Iniciativa en Tulu\u00e1 promueve la recuperaci\u00f3n de parques y el bienestar ciudadano.\" width=\"640\" height=\"360\" src=\"https:\/\/www.youtube.com\/embed\/5i7AV0p6cJg?feature=oembed\" frameborder=\"0\" allow=\"accelerometer; autoplay; clipboard-write; encrypted-media; gyroscope; picture-in-picture; web-share\" referrerpolicy=\"strict-origin-when-cross-origin\" allowfullscreen><\/iframe>\n<\/div><\/figure>\n\n\n\n<p>Las acciones se han ejecutado bajo la coordinaci\u00f3n del Grupo de Polic\u00eda Comunitaria, la Unidad Policial para la Edificaci\u00f3n de la Paz (UNIPEP) y la estrategia denominada \u201cLaboratorio de Paz, Convivencia y Seguridad Humana\u201d. Juntos, han liderado jornadas c\u00edvico-policiales que se centran en la recuperaci\u00f3n y embellecimiento de los parques de Tulu\u00e1, en colaboraci\u00f3n con las juntas de acci\u00f3n comunal, la comunidad local y la Instituci\u00f3n Educativa Coraz\u00f3n del Valle.<\/p>\n\n\n\n<figure class=\"wp-block-image size-large\"><img loading=\"lazy\" decoding=\"async\" width=\"1024\" height=\"563\" src=\"https:\/\/cnctulua.tv\/wp-content\/uploads\/2024\/11\/PARQUEDDDD-1024x563.png\" alt=\"\" class=\"wp-image-27016\" srcset=\"https:\/\/cnctulua.tv\/wp-content\/uploads\/2024\/11\/PARQUEDDDD-1024x563.png 1024w, https:\/\/cnctulua.tv\/wp-content\/uploads\/2024\/11\/PARQUEDDDD-300x165.png 300w, https:\/\/cnctulua.tv\/wp-content\/uploads\/2024\/11\/PARQUEDDDD-768x422.png 768w, https:\/\/cnctulua.tv\/wp-content\/uploads\/2024\/11\/PARQUEDDDD.png 1141w\" sizes=\"auto, (max-width: 1024px) 100vw, 1024px\" \/><\/figure>\n\n\n\n<p>Durante estas jornadas, se han llevado a cabo actividades como la pintura de estructuras, la recolecci\u00f3n de residuos s\u00f3lidos y el ornato de los espacios p\u00fablicos, todo con el fin de sensibilizar a los ciudadanos sobre la importancia de cuidar estos entornos para el disfrute de la comunidad. Adem\u00e1s, se han realizado campa\u00f1as para prevenir el consumo de estupefacientes y fomentar valores como el liderazgo, el respeto por el medio ambiente, la solidaridad y la convivencia pac\u00edfica.<\/p>\n\n\n\n<p>Uno de los objetivos principales de estas iniciativas es involucrar a los j\u00f3venes y a los ni\u00f1os en el cuidado de su entorno, fomentando en ellos el sentido de pertenencia y responsabilidad hacia los espacios p\u00fablicos. De esta manera, la Polic\u00eda Nacional en Tulu\u00e1 busca empoderar a los ciudadanos para que se conviertan en agentes activos de la seguridad y el bienestar colectivo.<\/p>\n\n\n\n<p>El impacto de estas acciones ha sido positivo, logrando una gran aceptaci\u00f3n entre los habitantes de Tulu\u00e1. La comunidad ha destacado la importancia de estas jornadas para fortalecer la seguridad, promover la convivencia y mejorar la calidad de vida en el municipio. La Polic\u00eda Nacional, con este tipo de proyectos, sigue demostrando su compromiso con la transformaci\u00f3n social y el bienestar de todos los tulue\u00f1os.<\/p>\n","protected":false},"excerpt":{"rendered":"<p>En Tulu\u00e1, la Polic\u00eda Nacional a trav\u00e9s de su iniciativa dentro del &#8216;Plan Integral de Transformaci\u00f3n de Entornos para la Vida&#8217;. Este proyecto busca mejorar los espacios de recreaci\u00f3n y esparcimiento en el municipio, a trav\u00e9s de una serie de actividades que involucran tanto a las autoridades como a la comunidad. Las acciones se han [&hellip;]<\/p>\n","protected":false},"author":4,"featured_media":27029,"comment_status":"open","ping_status":"open","sticky":false,"template":"","format":"video","meta":{"footnotes":""},"categories":[1],"tags":[],"class_list":["post-26965","post","type-post","status-publish","format-video","has-post-thumbnail","hentry","category-uncategorized","post_format-post-format-video"],"_links":{"self":[{"href":"https:\/\/cnctulua.tv\/index.php?rest_route=\/wp\/v2\/posts\/26965","targetHints":{"allow":["GET"]}}],"collection":[{"href":"https:\/\/cnctulua.tv\/index.php?rest_route=\/wp\/v2\/posts"}],"about":[{"href":"https:\/\/cnctulua.tv\/index.php?rest_route=\/wp\/v2\/types\/post"}],"author":[{"embeddable":true,"href":"https:\/\/cnctulua.tv\/index.php?rest_route=\/wp\/v2\/users\/4"}],"replies":[{"embeddable":true,"href":"https:\/\/cnctulua.tv\/index.php?rest_route=%2Fwp%2Fv2%2Fcomments&post=26965"}],"version-history":[{"count":1,"href":"https:\/\/cnctulua.tv\/index.php?rest_route=\/wp\/v2\/posts\/26965\/revisions"}],"predecessor-version":[{"id":27018,"href":"https:\/\/cnctulua.tv\/index.php?rest_route=\/wp\/v2\/posts\/26965\/revisions\/27018"}],"wp:featuredmedia":[{"embeddable":true,"href":"https:\/\/cnctulua.tv\/index.php?rest_route=\/wp\/v2\/media\/27029"}],"wp:attachment":[{"href":"https:\/\/cnctulua.tv\/index.php?rest_route=%2Fwp%2Fv2%2Fmedia&parent=26965"}],"wp:term":[{"taxonomy":"category","embeddable":true,"href":"https:\/\/cnctulua.tv\/index.php?rest_route=%2Fwp%2Fv2%2Fcategories&post=26965"},{"taxonomy":"post_tag","embeddable":true,"href":"https:\/\/cnctulua.tv\/index.php?rest_route=%2Fwp%2Fv2%2Ftags&post=26965"}],"curies":[{"name":"wp","href":"https:\/\/api.w.org\/{rel}","templated":true}]}}