{"id":26969,"date":"2024-11-27T17:12:48","date_gmt":"2024-11-27T17:12:48","guid":{"rendered":"https:\/\/cnctulua.tv\/?p=26969"},"modified":"2024-11-27T17:42:13","modified_gmt":"2024-11-27T17:42:13","slug":"el-liderazgo-del-valle-del-cauca-en-la-generacion-de-empleo-y-desarrollo-economico-es-destacado-en-foro-de-la-republica","status":"publish","type":"post","link":"https:\/\/cnctulua.tv\/?p=26969","title":{"rendered":"EL LIDERAZGO DEL VALLE DEL CAUCA EN LA GENERACI\u00d3N DE EMPLEO Y DESARROLLO ECON\u00d3MICO ES DESTACADO EN FORO DE LA REP\u00daBLICA."},"content":{"rendered":"\n<p>El Valle del Cauca contin\u00faa destac\u00e1ndose por su dinamismo econ\u00f3mico y su liderazgo en la generaci\u00f3n de empleo. Durante el foro \u00abDi\u00e1logos que suman por Colombia: empleo e innovaci\u00f3n\u00bb, organizado por el diario La Rep\u00fablica en alianza con la Federaci\u00f3n Nacional de Departamentos, se resaltaron los avances significativos del departamento en \u00e1reas clave como la competitividad, la innovaci\u00f3n y el desarrollo econ\u00f3mico.<\/p>\n\n\n\n<p><\/p>\n\n\n\n<figure class=\"wp-block-embed is-type-video is-provider-youtube wp-block-embed-youtube wp-embed-aspect-16-9 wp-has-aspect-ratio\"><div class=\"wp-block-embed__wrapper\">\n<iframe loading=\"lazy\" title=\"El Valle del Cauca se consolida como ejemplo l\u00edder en empleo, innovaci\u00f3n y desarrollo sostenible.\" width=\"640\" height=\"360\" src=\"https:\/\/www.youtube.com\/embed\/wHdEfW0f8no?feature=oembed\" frameborder=\"0\" allow=\"accelerometer; autoplay; clipboard-write; encrypted-media; gyroscope; picture-in-picture; web-share\" referrerpolicy=\"strict-origin-when-cross-origin\" allowfullscreen><\/iframe>\n<\/div><\/figure>\n\n\n\n<p>Vanessa P\u00e9rez, macroeditora del diario La Rep\u00fablica, present\u00f3 cifras que subrayan el buen desempe\u00f1o del Valle en t\u00e9rminos econ\u00f3micos. Seg\u00fan el indicador trimestral de actividad econ\u00f3mica departamental, el Valle del Cauca ha logrado un crecimiento del 2.4%, superando el promedio nacional del 2.2%. Adem\u00e1s, el departamento ocupa el tercer lugar en t\u00e9rminos de aportes al Producto Interno Bruto (PIB) del pa\u00eds, con la creaci\u00f3n de m\u00e1s de 12.000 nuevos empleos en lo que va del a\u00f1o.<\/p>\n\n\n\n<p>En su intervenci\u00f3n, la Gobernadora del Valle, Dilian Francisca Toro, explic\u00f3 que estos resultados son el fruto de una gobernanza colaborativa que ha logrado unir al sector p\u00fablico, privado y acad\u00e9mico con el fin de fomentar la competitividad y la innovaci\u00f3n. La mandataria destac\u00f3 especialmente la creaci\u00f3n del Distrito de Innovaci\u00f3n e Inteligencia Artificial, NIDO, un centro que est\u00e1 impulsando a los emprendedores de base tecnol\u00f3gica, un sector clave para el futuro del departamento.<\/p>\n\n\n\n<p>\u201cNIDO ha generado 200 nuevos empleos y un aumento del 35% en las ventas de los emprendimientos que operan all\u00ed. Adem\u00e1s, hemos logrado atraer 2 millones de d\u00f3lares en inversi\u00f3n extranjera a trav\u00e9s de fondos de capital de riesgo\u201d, afirm\u00f3 la Gobernadora. Toro tambi\u00e9n adelant\u00f3 que NIDO expandir\u00e1 su presencia a otras ciudades del Valle, como Buenaventura, Palmira, Tulu\u00e1 y Cartago, lo que ampliar\u00e1 las oportunidades para emprendedores de toda la regi\u00f3n.<\/p>\n\n\n\n<figure class=\"wp-block-image size-large\"><img loading=\"lazy\" decoding=\"async\" width=\"1024\" height=\"683\" src=\"https:\/\/cnctulua.tv\/wp-content\/uploads\/2024\/11\/200-NUEVOS-EMPLEOS-2-1024x683.jpeg\" alt=\"\" class=\"wp-image-26979\" srcset=\"https:\/\/cnctulua.tv\/wp-content\/uploads\/2024\/11\/200-NUEVOS-EMPLEOS-2-1024x683.jpeg 1024w, https:\/\/cnctulua.tv\/wp-content\/uploads\/2024\/11\/200-NUEVOS-EMPLEOS-2-300x200.jpeg 300w, https:\/\/cnctulua.tv\/wp-content\/uploads\/2024\/11\/200-NUEVOS-EMPLEOS-2-768x512.jpeg 768w, https:\/\/cnctulua.tv\/wp-content\/uploads\/2024\/11\/200-NUEVOS-EMPLEOS-2-1536x1024.jpeg 1536w, https:\/\/cnctulua.tv\/wp-content\/uploads\/2024\/11\/200-NUEVOS-EMPLEOS-2-2048x1365.jpeg 2048w, https:\/\/cnctulua.tv\/wp-content\/uploads\/2024\/11\/200-NUEVOS-EMPLEOS-2-scaled.jpeg 1620w\" sizes=\"auto, (max-width: 1024px) 100vw, 1024px\" \/><\/figure>\n\n\n\n<p>La Gobernadora tambi\u00e9n destac\u00f3 iniciativas como VALLEmplea, DigiCampus, Hub-ecommerce y Fonder Valle, programas enfocados en fortalecer a las micro, peque\u00f1as y medianas empresas (mipymes), que son las principales generadoras de empleo en el Valle y en el pa\u00eds.<\/p>\n\n\n\n<p>Por su parte, Didier Tavera Amado, director de la Federaci\u00f3n Nacional de Departamentos, expres\u00f3 su reconocimiento a la Gobernadora Toro por su liderazgo en la creaci\u00f3n de NIDO, una iniciativa que busca evitar la fuga de talentos del Valle. \u201cLo que busca NIDO es retener el talento en la regi\u00f3n, evitando que nuestros j\u00f3venes se vayan a otras partes del pa\u00eds o el mundo en busca de oportunidades\u201d, se\u00f1al\u00f3 Tavera, quien tambi\u00e9n hizo un llamado al Gobierno Nacional para que los recursos destinados a la innovaci\u00f3n y la tecnolog\u00eda se distribuyan de manera m\u00e1s equitativa a nivel territorial.<\/p>\n\n\n\n<p>Este foro reafirm\u00f3 la importancia de la colaboraci\u00f3n entre los diferentes sectores para lograr un desarrollo econ\u00f3mico sostenible, y destac\u00f3 al Valle del Cauca como un ejemplo de liderazgo en innovaci\u00f3n y generaci\u00f3n de empleo en Colombia.<\/p>\n","protected":false},"excerpt":{"rendered":"<p>El Valle del Cauca contin\u00faa destac\u00e1ndose por su dinamismo econ\u00f3mico y su liderazgo en la generaci\u00f3n de empleo. Durante el foro \u00abDi\u00e1logos que suman por Colombia: empleo e innovaci\u00f3n\u00bb, organizado por el diario La Rep\u00fablica en alianza con la Federaci\u00f3n Nacional de Departamentos, se resaltaron los avances significativos del departamento en \u00e1reas clave como la [&hellip;]<\/p>\n","protected":false},"author":4,"featured_media":26996,"comment_status":"open","ping_status":"open","sticky":false,"template":"","format":"video","meta":{"footnotes":""},"categories":[1],"tags":[],"class_list":["post-26969","post","type-post","status-publish","format-video","has-post-thumbnail","hentry","category-uncategorized","post_format-post-format-video"],"_links":{"self":[{"href":"https:\/\/cnctulua.tv\/index.php?rest_route=\/wp\/v2\/posts\/26969","targetHints":{"allow":["GET"]}}],"collection":[{"href":"https:\/\/cnctulua.tv\/index.php?rest_route=\/wp\/v2\/posts"}],"about":[{"href":"https:\/\/cnctulua.tv\/index.php?rest_route=\/wp\/v2\/types\/post"}],"author":[{"embeddable":true,"href":"https:\/\/cnctulua.tv\/index.php?rest_route=\/wp\/v2\/users\/4"}],"replies":[{"embeddable":true,"href":"https:\/\/cnctulua.tv\/index.php?rest_route=%2Fwp%2Fv2%2Fcomments&post=26969"}],"version-history":[{"count":1,"href":"https:\/\/cnctulua.tv\/index.php?rest_route=\/wp\/v2\/posts\/26969\/revisions"}],"predecessor-version":[{"id":26989,"href":"https:\/\/cnctulua.tv\/index.php?rest_route=\/wp\/v2\/posts\/26969\/revisions\/26989"}],"wp:featuredmedia":[{"embeddable":true,"href":"https:\/\/cnctulua.tv\/index.php?rest_route=\/wp\/v2\/media\/26996"}],"wp:attachment":[{"href":"https:\/\/cnctulua.tv\/index.php?rest_route=%2Fwp%2Fv2%2Fmedia&parent=26969"}],"wp:term":[{"taxonomy":"category","embeddable":true,"href":"https:\/\/cnctulua.tv\/index.php?rest_route=%2Fwp%2Fv2%2Fcategories&post=26969"},{"taxonomy":"post_tag","embeddable":true,"href":"https:\/\/cnctulua.tv\/index.php?rest_route=%2Fwp%2Fv2%2Ftags&post=26969"}],"curies":[{"name":"wp","href":"https:\/\/api.w.org\/{rel}","templated":true}]}}