{"id":26998,"date":"2024-11-27T18:52:19","date_gmt":"2024-11-27T18:52:19","guid":{"rendered":"https:\/\/cnctulua.tv\/?p=26998"},"modified":"2024-11-27T18:52:22","modified_gmt":"2024-11-27T18:52:22","slug":"buenaventura-celebra-el-festival-de-arte-y-cultura-paraiso-pacifico-del-28-al-30-de-noviembre","status":"publish","type":"post","link":"https:\/\/cnctulua.tv\/?p=26998","title":{"rendered":"BUENAVENTURA CELEBRA EL FESTIVAL DE ARTE Y CULTURA \u201cPARA\u00cdSO PAC\u00cdFICO\u201d DEL 28 AL 30 DE NOVIEMBRE."},"content":{"rendered":"\n<p><\/p>\n\n\n\n<p>Del 28 al 30 de noviembre, el Distrito de Buenaventura se transformar\u00e1 en el epicentro de la cultura del Pac\u00edfico colombiano con el festival Para\u00edso Pac\u00edfico, un evento que busca resaltar las tradiciones ancestrales, la m\u00fasica, la danza y la gastronom\u00eda de la regi\u00f3n. La Gobernaci\u00f3n del Valle del Cauca, ha expresado su total apoyo a esta celebraci\u00f3n, invitando a todos los bonaverenses y visitantes a disfrutar de las riquezas culturales que hacen \u00fanica a esta parte del pa\u00eds.<\/p>\n\n\n\n<p><\/p>\n\n\n\n<figure class=\"wp-block-embed is-type-video is-provider-youtube wp-block-embed-youtube wp-embed-aspect-16-9 wp-has-aspect-ratio\"><div class=\"wp-block-embed__wrapper\">\n<iframe loading=\"lazy\" title=\"Del 28 al 30 de noviembre el Puerto de Buenaventura celebra el Festival \u201cPara\u00edso Pac\u00edfico\u201d\" width=\"640\" height=\"360\" src=\"https:\/\/www.youtube.com\/embed\/aWZ7YSWA-2k?feature=oembed\" frameborder=\"0\" allow=\"accelerometer; autoplay; clipboard-write; encrypted-media; gyroscope; picture-in-picture; web-share\" referrerpolicy=\"strict-origin-when-cross-origin\" allowfullscreen><\/iframe>\n<\/div><\/figure>\n\n\n\n<p>El festival contar\u00e1 con una variada programaci\u00f3n que incluye cerca de 50 eventos acad\u00e9micos, art\u00edsticos y culturales. La agenda se centra en cuatro grandes actividades: el 23\u00ba Encuentro de Cantadores de R\u00edo, bajo el lema Cantando desde las Ra\u00edces; el Primer Festival Gastron\u00f3mico del Pac\u00edfico, denominado Bendita Sart\u00e9n; el 19\u00b0 Encuentro Internacional de Parteras Tradicionales; y la ceremonia de certificaci\u00f3n de competencias laborales en la preparaci\u00f3n y servicio de alimentos y bebidas para las platoneras de Buenaventura.<\/p>\n\n\n\n<figure class=\"wp-block-image size-full is-resized\"><img loading=\"lazy\" decoding=\"async\" width=\"640\" height=\"428\" src=\"https:\/\/cnctulua.tv\/wp-content\/uploads\/2024\/11\/Buenaventura-puerto.webp\" alt=\"\" class=\"wp-image-27007\" style=\"width:840px;height:auto\" srcset=\"https:\/\/cnctulua.tv\/wp-content\/uploads\/2024\/11\/Buenaventura-puerto.webp 640w, https:\/\/cnctulua.tv\/wp-content\/uploads\/2024\/11\/Buenaventura-puerto-300x201.webp 300w\" sizes=\"auto, (max-width: 640px) 100vw, 640px\" \/><\/figure>\n\n\n\n<p>Durante tres d\u00edas, el bulevar de Buenaventura, el barrio Alfonso L\u00f3pez y los emblem\u00e1ticos hoteles Torremar y Estaci\u00f3n ser\u00e1n el escenario perfecto para que los asistentes disfruten del talento de los grupos art\u00edsticos provenientes de diversas cuencas de los r\u00edos de Buenaventura. Con marimbas, guitarras y relatos tradicionales, estos grupos compartir\u00e1n sus saberes ancestrales, celebrando la riqueza cultural que caracteriza al Pac\u00edfico vallecaucano.<\/p>\n\n\n\n\n\n<p>El evento, respaldado por la Gobernaci\u00f3n del Valle, tambi\u00e9n tiene como objetivo la preservaci\u00f3n del Patrimonio Cultural Inmaterial del municipio, haciendo de Buenaventura un referente de la cultura del Pac\u00edfico en el pa\u00eds. A trav\u00e9s de esta iniciativa, se fortalecer\u00e1n las tradiciones y se fomentar\u00e1 el turismo cultural, atrayendo tanto a la comunidad local como a los visitantes de otras regiones.<\/p>\n\n\n\n<p>El festival Para\u00edso Pac\u00edfico se perfila como una gran fiesta para todos los sentidos, donde la m\u00fasica, la gastronom\u00eda y las tradiciones orales se mezclar\u00e1n para ofrecer una experiencia \u00fanica e inolvidable. Sin duda, los pr\u00f3ximos d\u00edas en Buenaventura ser\u00e1n una celebraci\u00f3n del alma del Pac\u00edfico colombiano.<\/p>\n","protected":false},"excerpt":{"rendered":"<p>Del 28 al 30 de noviembre, el Distrito de Buenaventura se transformar\u00e1 en el epicentro de la cultura del Pac\u00edfico colombiano con el festival Para\u00edso Pac\u00edfico, un evento que busca resaltar las tradiciones ancestrales, la m\u00fasica, la danza y la gastronom\u00eda de la regi\u00f3n. La Gobernaci\u00f3n del Valle del Cauca, ha expresado su total apoyo [&hellip;]<\/p>\n","protected":false},"author":4,"featured_media":27006,"comment_status":"open","ping_status":"open","sticky":false,"template":"","format":"video","meta":{"footnotes":""},"categories":[1],"tags":[],"class_list":["post-26998","post","type-post","status-publish","format-video","has-post-thumbnail","hentry","category-uncategorized","post_format-post-format-video"],"_links":{"self":[{"href":"https:\/\/cnctulua.tv\/index.php?rest_route=\/wp\/v2\/posts\/26998","targetHints":{"allow":["GET"]}}],"collection":[{"href":"https:\/\/cnctulua.tv\/index.php?rest_route=\/wp\/v2\/posts"}],"about":[{"href":"https:\/\/cnctulua.tv\/index.php?rest_route=\/wp\/v2\/types\/post"}],"author":[{"embeddable":true,"href":"https:\/\/cnctulua.tv\/index.php?rest_route=\/wp\/v2\/users\/4"}],"replies":[{"embeddable":true,"href":"https:\/\/cnctulua.tv\/index.php?rest_route=%2Fwp%2Fv2%2Fcomments&post=26998"}],"version-history":[{"count":1,"href":"https:\/\/cnctulua.tv\/index.php?rest_route=\/wp\/v2\/posts\/26998\/revisions"}],"predecessor-version":[{"id":27017,"href":"https:\/\/cnctulua.tv\/index.php?rest_route=\/wp\/v2\/posts\/26998\/revisions\/27017"}],"wp:featuredmedia":[{"embeddable":true,"href":"https:\/\/cnctulua.tv\/index.php?rest_route=\/wp\/v2\/media\/27006"}],"wp:attachment":[{"href":"https:\/\/cnctulua.tv\/index.php?rest_route=%2Fwp%2Fv2%2Fmedia&parent=26998"}],"wp:term":[{"taxonomy":"category","embeddable":true,"href":"https:\/\/cnctulua.tv\/index.php?rest_route=%2Fwp%2Fv2%2Fcategories&post=26998"},{"taxonomy":"post_tag","embeddable":true,"href":"https:\/\/cnctulua.tv\/index.php?rest_route=%2Fwp%2Fv2%2Ftags&post=26998"}],"curies":[{"name":"wp","href":"https:\/\/api.w.org\/{rel}","templated":true}]}}