{"id":27024,"date":"2024-11-27T19:32:40","date_gmt":"2024-11-27T19:32:40","guid":{"rendered":"https:\/\/cnctulua.tv\/?p=27024"},"modified":"2024-11-27T19:32:43","modified_gmt":"2024-11-27T19:32:43","slug":"en-tulua-se-realizara-una-nueva-jornada-descentralizada-de-servicios-municipales","status":"publish","type":"post","link":"https:\/\/cnctulua.tv\/?p=27024","title":{"rendered":"EN TULU\u00c1 SE REALIZAR\u00c1 UNA NUEVA JORNADA DESCENTRALIZADA DE SERVICIOS MUNICIPALES."},"content":{"rendered":"\n<p>El 30 de noviembre se llevar\u00e1 a cabo una nueva Jornada Descentralizada de Servicios Municipales en Tulu\u00e1, con el objetivo de acercar a la comunidad una variada oferta de servicios esenciales. Este evento, que tendr\u00e1 lugar en el Parque de los Sue\u00f1os, en el barrio San Antonio, ofrecer\u00e1 atenci\u00f3n gratuita en \u00e1reas como salud, orientaci\u00f3n legal y programas sociales, entre otros.<\/p>\n\n\n\n<p><\/p>\n\n\n\n<figure class=\"wp-block-video\"><\/figure>\n\n\n\n<p>La jornada busca facilitar el acceso de los ciudadanos a servicios fundamentales sin necesidad de desplazarse hasta las instalaciones del municipio. La Secretaria Privada del municipio, Mar\u00eda Fernanda Victoria Arias, destac\u00f3 la importancia de esta iniciativa, asegurando que \u00abel prop\u00f3sito es que toda la comunidad aproveche la oportunidad para acceder a servicios que mejoren su calidad de vida.\u00bb<\/p>\n\n\n\n<figure class=\"wp-block-embed is-type-video is-provider-youtube wp-block-embed-youtube wp-embed-aspect-16-9 wp-has-aspect-ratio\"><div class=\"wp-block-embed__wrapper\">\n<iframe loading=\"lazy\" title=\"Nueva jornada Descentralizada de Servicios Municipales este 30 de noviembre.\" width=\"640\" height=\"360\" src=\"https:\/\/www.youtube.com\/embed\/I0DOExkN0Kc?feature=oembed\" frameborder=\"0\" allow=\"accelerometer; autoplay; clipboard-write; encrypted-media; gyroscope; picture-in-picture; web-share\" referrerpolicy=\"strict-origin-when-cross-origin\" allowfullscreen><\/iframe>\n<\/div><\/figure>\n\n\n\n<p>Este evento es solo una de las varias jornadas descentralizadas que se llevar\u00e1n a cabo en lo que queda del a\u00f1o. El 6 de diciembre, la atenci\u00f3n se trasladar\u00e1 al Puesto de Salud de Agua Clara, en el corregimiento de Agua Clara, y el 14 de diciembre se cerrar\u00e1 el ciclo de actividades en el corregimiento de La Marina, en la zona rural.<\/p>\n\n\n\n<p>Arias destac\u00f3 que este proyecto tiene un gran impacto en la poblaci\u00f3n, ya que permite que los servicios municipales lleguen directamente a los barrios y corregimientos, promoviendo la inclusi\u00f3n y facilitando el acceso a quienes m\u00e1s lo necesitan.<\/p>\n\n\n\n<p>La invitaci\u00f3n est\u00e1 abierta para toda la comunidad, que podr\u00e1 participar de esta jornada y acceder a los diversos servicios que se ofrecer\u00e1n en estos eventos.<\/p>\n","protected":false},"excerpt":{"rendered":"<p>El 30 de noviembre se llevar\u00e1 a cabo una nueva Jornada Descentralizada de Servicios Municipales en Tulu\u00e1, con el objetivo de acercar a la comunidad una variada oferta de servicios esenciales. Este evento, que tendr\u00e1 lugar en el Parque de los Sue\u00f1os, en el barrio San Antonio, ofrecer\u00e1 atenci\u00f3n gratuita en \u00e1reas como salud, orientaci\u00f3n [&hellip;]<\/p>\n","protected":false},"author":4,"featured_media":27022,"comment_status":"open","ping_status":"open","sticky":false,"template":"","format":"video","meta":{"footnotes":""},"categories":[1],"tags":[],"class_list":["post-27024","post","type-post","status-publish","format-video","has-post-thumbnail","hentry","category-uncategorized","post_format-post-format-video"],"_links":{"self":[{"href":"https:\/\/cnctulua.tv\/index.php?rest_route=\/wp\/v2\/posts\/27024","targetHints":{"allow":["GET"]}}],"collection":[{"href":"https:\/\/cnctulua.tv\/index.php?rest_route=\/wp\/v2\/posts"}],"about":[{"href":"https:\/\/cnctulua.tv\/index.php?rest_route=\/wp\/v2\/types\/post"}],"author":[{"embeddable":true,"href":"https:\/\/cnctulua.tv\/index.php?rest_route=\/wp\/v2\/users\/4"}],"replies":[{"embeddable":true,"href":"https:\/\/cnctulua.tv\/index.php?rest_route=%2Fwp%2Fv2%2Fcomments&post=27024"}],"version-history":[{"count":1,"href":"https:\/\/cnctulua.tv\/index.php?rest_route=\/wp\/v2\/posts\/27024\/revisions"}],"predecessor-version":[{"id":27025,"href":"https:\/\/cnctulua.tv\/index.php?rest_route=\/wp\/v2\/posts\/27024\/revisions\/27025"}],"wp:featuredmedia":[{"embeddable":true,"href":"https:\/\/cnctulua.tv\/index.php?rest_route=\/wp\/v2\/media\/27022"}],"wp:attachment":[{"href":"https:\/\/cnctulua.tv\/index.php?rest_route=%2Fwp%2Fv2%2Fmedia&parent=27024"}],"wp:term":[{"taxonomy":"category","embeddable":true,"href":"https:\/\/cnctulua.tv\/index.php?rest_route=%2Fwp%2Fv2%2Fcategories&post=27024"},{"taxonomy":"post_tag","embeddable":true,"href":"https:\/\/cnctulua.tv\/index.php?rest_route=%2Fwp%2Fv2%2Ftags&post=27024"}],"curies":[{"name":"wp","href":"https:\/\/api.w.org\/{rel}","templated":true}]}}