{"id":27034,"date":"2024-11-28T18:32:57","date_gmt":"2024-11-28T18:32:57","guid":{"rendered":"https:\/\/cnctulua.tv\/?p=27034"},"modified":"2024-11-28T18:33:01","modified_gmt":"2024-11-28T18:33:01","slug":"rutas-por-la-paz-un-encuentro-de-aventura-y-naturaleza-en-ansermanuevo","status":"publish","type":"post","link":"https:\/\/cnctulua.tv\/?p=27034","title":{"rendered":"RUTAS POR LA PAZ: UN ENCUENTRO DE AVENTURA Y NATURALEZA EN ANSERMANUEVO."},"content":{"rendered":"\n<p>M\u00e1s de 700 ciclistas se dieron cita en el norte del Valle del Cauca para participar en la versi\u00f3n n\u00famero 18 de Rutas por La Paz, un evento de ciclomonta\u00f1ismo que se ha consolidado como una de las principales actividades deportivas y tur\u00edsticas de la regi\u00f3n. En esta edici\u00f3n, los participantes recorrieron 45 kil\u00f3metros de los paisajes cafeteros de Ansermanuevo, un municipio lleno de biodiversidad y belleza natural.<\/p>\n\n\n\n<p><\/p>\n\n\n\n<figure class=\"wp-block-embed is-type-video is-provider-youtube wp-block-embed-youtube wp-embed-aspect-16-9 wp-has-aspect-ratio\"><div class=\"wp-block-embed__wrapper\">\n<iframe loading=\"lazy\" title=\"M\u00e1s de 700 ciclistas disfrutan de Rutas por La Paz en Ansermanuevo.\" width=\"640\" height=\"360\" src=\"https:\/\/www.youtube.com\/embed\/edUpNeosugg?feature=oembed\" frameborder=\"0\" allow=\"accelerometer; autoplay; clipboard-write; encrypted-media; gyroscope; picture-in-picture; web-share\" referrerpolicy=\"strict-origin-when-cross-origin\" allowfullscreen><\/iframe>\n<\/div><\/figure>\n\n\n\n<p>La ruta comenz\u00f3 en el Parque Principal de Lusitania y continu\u00f3 por lugares emblem\u00e1ticos como La Diamantina, San Agust\u00edn y Robles, ofreciendo a los ciclistas una experiencia \u00fanica a trav\u00e9s de carreteras rurales que atraviesan algunas de las zonas m\u00e1s representativas del Valle del Cauca. La Gestora Social del Valle, Jimena Toro, estuvo presente en el evento y destac\u00f3 la importancia de esta actividad como una oportunidad para promover el turismo y la integraci\u00f3n de las comunidades.<\/p>\n\n\n\n<figure class=\"wp-block-image size-large\"><img loading=\"lazy\" decoding=\"async\" width=\"1024\" height=\"574\" src=\"https:\/\/cnctulua.tv\/wp-content\/uploads\/2024\/11\/RUTAS-POR-LA-P-1024x574.png\" alt=\"\" class=\"wp-image-27099\" srcset=\"https:\/\/cnctulua.tv\/wp-content\/uploads\/2024\/11\/RUTAS-POR-LA-P-1024x574.png 1024w, https:\/\/cnctulua.tv\/wp-content\/uploads\/2024\/11\/RUTAS-POR-LA-P-300x168.png 300w, https:\/\/cnctulua.tv\/wp-content\/uploads\/2024\/11\/RUTAS-POR-LA-P-768x431.png 768w, https:\/\/cnctulua.tv\/wp-content\/uploads\/2024\/11\/RUTAS-POR-LA-P.png 1050w\" sizes=\"auto, (max-width: 1024px) 100vw, 1024px\" \/><\/figure>\n\n\n\n<p>\u00abRutas por La Paz en su versi\u00f3n n\u00famero 18 en Ansermanuevo es una ruta que invita a los vallecaucanos a conocer el municipio y a disfrutar de sus paisajes. Es un recorrido que conecta con la gente de la regi\u00f3n, con sus campesinos, quienes, a trav\u00e9s de su trabajo y compromiso, muestran la verdadera esencia del Valle del Cauca,\u00bb expres\u00f3 Toro, quien tambi\u00e9n resalt\u00f3 el apoyo del gobierno departamental a esta iniciativa que busca promover la paz y la integraci\u00f3n en zonas hist\u00f3ricamente afectadas por el conflicto armado.<\/p>\n\n\n\n<p>Desde su creaci\u00f3n en 2017, Rutas por La Paz ha tenido un impacto significativo en los municipios de la regi\u00f3n, promoviendo la participaci\u00f3n de las familias y la apropiaci\u00f3n de las carreteras intermunicipales y rurales. La actividad ha sido un espacio de encuentro entre comunidades, turistas y deportistas, quienes encuentran en este evento una oportunidad para conectarse con la naturaleza y disfrutar de la cultura local.<\/p>\n\n\n\n<figure class=\"wp-block-image size-large\"><img loading=\"lazy\" decoding=\"async\" width=\"1024\" height=\"620\" src=\"https:\/\/cnctulua.tv\/wp-content\/uploads\/2024\/11\/PAZ-3-1024x620.png\" alt=\"\" class=\"wp-image-27100\" srcset=\"https:\/\/cnctulua.tv\/wp-content\/uploads\/2024\/11\/PAZ-3-1024x620.png 1024w, https:\/\/cnctulua.tv\/wp-content\/uploads\/2024\/11\/PAZ-3-300x182.png 300w, https:\/\/cnctulua.tv\/wp-content\/uploads\/2024\/11\/PAZ-3-768x465.png 768w, https:\/\/cnctulua.tv\/wp-content\/uploads\/2024\/11\/PAZ-3.png 1068w\" sizes=\"auto, (max-width: 1024px) 100vw, 1024px\" \/><\/figure>\n\n\n\n<p>Participantes de diversas localidades del Valle y otras regiones del pa\u00eds tambi\u00e9n compartieron su entusiasmo por la organizaci\u00f3n y el ambiente del evento. \u201cEs una experiencia maravillosa. Gracias a la Gobernaci\u00f3n del Valle por organizar este tipo de actividades. Ojal\u00e1 podamos seguir participando,\u201d coment\u00f3 Juli\u00e1n Pulido, ciclista de Cartago. Por su parte, Claudia Mar\u00eda Zapata, deportista de Ansermanuevo, agradeci\u00f3 el apoyo de la Gobernadora Dilian Francisca Toro, destacando la importancia de eventos como este para el desarrollo del deporte en el municipio.<\/p>\n\n\n\n<p>En sus ediciones anteriores, Rutas por La Paz ha unido al Valle con el Quind\u00edo, impactando a m\u00e1s de 41.500 personas de 28 municipios de la regi\u00f3n. Adem\u00e1s de su componente deportivo, el evento ha servido como una plataforma para visibilizar a las comunidades rurales y generar un impacto positivo en la econom\u00eda local, al atraer turistas y visitantes de diferentes partes del pa\u00eds.<\/p>\n","protected":false},"excerpt":{"rendered":"<p>M\u00e1s de 700 ciclistas se dieron cita en el norte del Valle del Cauca para participar en la versi\u00f3n n\u00famero 18 de Rutas por La Paz, un evento de ciclomonta\u00f1ismo que se ha consolidado como una de las principales actividades deportivas y tur\u00edsticas de la regi\u00f3n. En esta edici\u00f3n, los participantes recorrieron 45 kil\u00f3metros de [&hellip;]<\/p>\n","protected":false},"author":4,"featured_media":27098,"comment_status":"open","ping_status":"open","sticky":false,"template":"","format":"video","meta":{"footnotes":""},"categories":[1],"tags":[],"class_list":["post-27034","post","type-post","status-publish","format-video","has-post-thumbnail","hentry","category-uncategorized","post_format-post-format-video"],"_links":{"self":[{"href":"https:\/\/cnctulua.tv\/index.php?rest_route=\/wp\/v2\/posts\/27034","targetHints":{"allow":["GET"]}}],"collection":[{"href":"https:\/\/cnctulua.tv\/index.php?rest_route=\/wp\/v2\/posts"}],"about":[{"href":"https:\/\/cnctulua.tv\/index.php?rest_route=\/wp\/v2\/types\/post"}],"author":[{"embeddable":true,"href":"https:\/\/cnctulua.tv\/index.php?rest_route=\/wp\/v2\/users\/4"}],"replies":[{"embeddable":true,"href":"https:\/\/cnctulua.tv\/index.php?rest_route=%2Fwp%2Fv2%2Fcomments&post=27034"}],"version-history":[{"count":1,"href":"https:\/\/cnctulua.tv\/index.php?rest_route=\/wp\/v2\/posts\/27034\/revisions"}],"predecessor-version":[{"id":27101,"href":"https:\/\/cnctulua.tv\/index.php?rest_route=\/wp\/v2\/posts\/27034\/revisions\/27101"}],"wp:featuredmedia":[{"embeddable":true,"href":"https:\/\/cnctulua.tv\/index.php?rest_route=\/wp\/v2\/media\/27098"}],"wp:attachment":[{"href":"https:\/\/cnctulua.tv\/index.php?rest_route=%2Fwp%2Fv2%2Fmedia&parent=27034"}],"wp:term":[{"taxonomy":"category","embeddable":true,"href":"https:\/\/cnctulua.tv\/index.php?rest_route=%2Fwp%2Fv2%2Fcategories&post=27034"},{"taxonomy":"post_tag","embeddable":true,"href":"https:\/\/cnctulua.tv\/index.php?rest_route=%2Fwp%2Fv2%2Ftags&post=27034"}],"curies":[{"name":"wp","href":"https:\/\/api.w.org\/{rel}","templated":true}]}}