{"id":27136,"date":"2024-11-29T16:58:20","date_gmt":"2024-11-29T16:58:20","guid":{"rendered":"https:\/\/cnctulua.tv\/?p=27136"},"modified":"2024-11-29T16:58:23","modified_gmt":"2024-11-29T16:58:23","slug":"tulua-refuerza-medidas-de-seguridad-para-las-festividades-de-la-alborada-ante-solicitudes-de-las-juntas-de-accion-comunal","status":"publish","type":"post","link":"https:\/\/cnctulua.tv\/?p=27136","title":{"rendered":"TULU\u00c1 REFUERZA MEDIDAS DE SEGURIDAD PARA LAS FESTIVIDADES DE LA ALBORADA, ANTE SOLICITUDES DE LAS JUNTAS DE ACCI\u00d3N COMUNAL."},"content":{"rendered":"\n<p><\/p>\n\n\n\n<p>Tulu\u00e1 se prepara para recibir el mes de diciembre con importantes medidas de seguridad que buscan proteger a la ciudadan\u00eda y garantizar la convivencia armoniosa en la ciudad. En declaraciones recientes, la alcaldesa encargada de Tulu\u00e1, Alexandra Cardona, destac\u00f3 las iniciativas de la administraci\u00f3n municipal para evitar situaciones que puedan poner en riesgo la seguridad de los tulue\u00f1os durante las festividades de fin de a\u00f1o.<\/p>\n\n\n\n<p><\/p>\n\n\n\n<p><\/p>\n\n\n\n<figure class=\"wp-block-embed is-type-video is-provider-youtube wp-block-embed-youtube wp-embed-aspect-16-9 wp-has-aspect-ratio\"><div class=\"wp-block-embed__wrapper\">\n<iframe loading=\"lazy\" title=\"Alcald\u00eda de Tulu\u00e1 toma medidas para las festividades de la Alborada tras solicitudes de comunidad.\" width=\"640\" height=\"360\" src=\"https:\/\/www.youtube.com\/embed\/kdKmfRn5c1o?feature=oembed\" frameborder=\"0\" allow=\"accelerometer; autoplay; clipboard-write; encrypted-media; gyroscope; picture-in-picture; web-share\" referrerpolicy=\"strict-origin-when-cross-origin\" allowfullscreen><\/iframe>\n<\/div><\/figure>\n\n\n\n<p>\u201cLo que busca es garantizarle a la ciudadan\u00eda bienestar. Igualmente, proteger a la ciudad en t\u00e9rminos de que se vean afectados por la mala manipulaci\u00f3n de la p\u00f3lvora\u201d, se\u00f1al\u00f3 la alcaldesa. Una de las principales decisiones tomadas por la administraci\u00f3n es la prohibici\u00f3n de la venta y manipulaci\u00f3n de p\u00f3lvora negra en la ciudad. Esta medida tiene como objetivo evitar accidentes y situaciones de riesgo que puedan alterar la tranquilidad de las familias en esta \u00e9poca tan especial.<\/p>\n\n\n\n<figure class=\"wp-block-image size-large\"><img loading=\"lazy\" decoding=\"async\" width=\"1024\" height=\"614\" src=\"https:\/\/cnctulua.tv\/wp-content\/uploads\/2024\/11\/POLVORA-PROHIBIDA-1-1024x614.jpg\" alt=\"\" class=\"wp-image-27143\" srcset=\"https:\/\/cnctulua.tv\/wp-content\/uploads\/2024\/11\/POLVORA-PROHIBIDA-1-1024x614.jpg 1024w, https:\/\/cnctulua.tv\/wp-content\/uploads\/2024\/11\/POLVORA-PROHIBIDA-1-300x180.jpg 300w, https:\/\/cnctulua.tv\/wp-content\/uploads\/2024\/11\/POLVORA-PROHIBIDA-1-768x461.jpg 768w, https:\/\/cnctulua.tv\/wp-content\/uploads\/2024\/11\/POLVORA-PROHIBIDA-1.jpg 1100w\" sizes=\"auto, (max-width: 1024px) 100vw, 1024px\" \/><\/figure>\n\n\n\n<p>La Alcaldesa tambi\u00e9n hizo un llamado a la comunidad para que, en lugar de generar conflictos, se reciban las festividades \u201cen armon\u00eda buscando no afectar la comunidad, no que generen conflictos, que no haya accidentes, que no nos genere al municipio y de pronto a las familias que quieren ese d\u00eda celebrar con todos sus seres queridos.\u201d<\/p>\n\n\n\n<p>En cuanto a las celebraciones tradicionales como la Alborada, Alexandra Cardona explic\u00f3 que, por solicitud de la comunidad, se ha decidido no permitir la realizaci\u00f3n de esta festividad en el barrio La Rebeca. \u201cPor petici\u00f3n de la comunidad, la Junta de Acci\u00f3n Comunal y su Junta Directiva hacen un llamado ante la Secretar\u00eda de Gobierno para no permitir que la Alborada, que comenz\u00f3 como una actividad social entre vecinos, se convierta en un evento que desborda y genera incomodidad\u201d, afirm\u00f3 la mandataria. Este tipo de celebraciones, en ocasiones, genera conflictos por el mal manejo de la p\u00f3lvora y afecta tanto a los habitantes cercanos como a los animales que viven en el sector.<\/p>\n\n\n\n<p>Adem\u00e1s, la Alcald\u00eda de Tulu\u00e1 ha establecido restricciones sobre el uso de veh\u00edculos motorizados durante las festividades. A partir de las 11:00 p.m., \u201cno es permitido que la gente circule en las motos\u201d, y tambi\u00e9n se proh\u00edbe el tr\u00e1nsito de menores de edad en estos veh\u00edculos para evitar posibles accidentes.<\/p>\n\n\n\n<p>Estas decisiones buscan, sobre todo, \u201cproteger a la ciudadan\u00eda\u201d y garantizar que las festividades sean disfrutadas sin incidentes que pongan en riesgo la seguridad de la poblaci\u00f3n.<\/p>\n\n\n\n<p>Con el enfoque puesto en la seguridad y el bienestar de todos los habitantes, Tulu\u00e1 contin\u00faa trabajando por un diciembre tranquilo y lleno de armon\u00eda para sus ciudadanos.<\/p>\n","protected":false},"excerpt":{"rendered":"<p>Tulu\u00e1 se prepara para recibir el mes de diciembre con importantes medidas de seguridad que buscan proteger a la ciudadan\u00eda y garantizar la convivencia armoniosa en la ciudad. En declaraciones recientes, la alcaldesa encargada de Tulu\u00e1, Alexandra Cardona, destac\u00f3 las iniciativas de la administraci\u00f3n municipal para evitar situaciones que puedan poner en riesgo la seguridad [&hellip;]<\/p>\n","protected":false},"author":4,"featured_media":27137,"comment_status":"open","ping_status":"open","sticky":false,"template":"","format":"video","meta":{"footnotes":""},"categories":[1],"tags":[],"class_list":["post-27136","post","type-post","status-publish","format-video","has-post-thumbnail","hentry","category-uncategorized","post_format-post-format-video"],"_links":{"self":[{"href":"https:\/\/cnctulua.tv\/index.php?rest_route=\/wp\/v2\/posts\/27136","targetHints":{"allow":["GET"]}}],"collection":[{"href":"https:\/\/cnctulua.tv\/index.php?rest_route=\/wp\/v2\/posts"}],"about":[{"href":"https:\/\/cnctulua.tv\/index.php?rest_route=\/wp\/v2\/types\/post"}],"author":[{"embeddable":true,"href":"https:\/\/cnctulua.tv\/index.php?rest_route=\/wp\/v2\/users\/4"}],"replies":[{"embeddable":true,"href":"https:\/\/cnctulua.tv\/index.php?rest_route=%2Fwp%2Fv2%2Fcomments&post=27136"}],"version-history":[{"count":1,"href":"https:\/\/cnctulua.tv\/index.php?rest_route=\/wp\/v2\/posts\/27136\/revisions"}],"predecessor-version":[{"id":27144,"href":"https:\/\/cnctulua.tv\/index.php?rest_route=\/wp\/v2\/posts\/27136\/revisions\/27144"}],"wp:featuredmedia":[{"embeddable":true,"href":"https:\/\/cnctulua.tv\/index.php?rest_route=\/wp\/v2\/media\/27137"}],"wp:attachment":[{"href":"https:\/\/cnctulua.tv\/index.php?rest_route=%2Fwp%2Fv2%2Fmedia&parent=27136"}],"wp:term":[{"taxonomy":"category","embeddable":true,"href":"https:\/\/cnctulua.tv\/index.php?rest_route=%2Fwp%2Fv2%2Fcategories&post=27136"},{"taxonomy":"post_tag","embeddable":true,"href":"https:\/\/cnctulua.tv\/index.php?rest_route=%2Fwp%2Fv2%2Ftags&post=27136"}],"curies":[{"name":"wp","href":"https:\/\/api.w.org\/{rel}","templated":true}]}}