{"id":27184,"date":"2024-12-02T17:12:17","date_gmt":"2024-12-02T17:12:17","guid":{"rendered":"https:\/\/cnctulua.tv\/?p=27184"},"modified":"2024-12-02T17:12:21","modified_gmt":"2024-12-02T17:12:21","slug":"panorama-regional-23","status":"publish","type":"post","link":"https:\/\/cnctulua.tv\/?p=27184","title":{"rendered":"PANORAMA REGIONAL."},"content":{"rendered":"\n<p>La violencia en el Valle del Cauca sigue en aumento, con recientes hechos de sangre que han dejado varias v\u00edctimas mortales en diferentes municipios del departamento. Entre los casos, se encuentran asesinatos cometidos con armas de fuego y cortopunzantes en Roldanillo, Palmira y Andaluc\u00eda, lo que ha generado un clima de preocupaci\u00f3n entre los habitantes de estas localidades.<\/p>\n\n\n\n<p><\/p>\n\n\n\n<figure class=\"wp-block-embed is-type-video is-provider-youtube wp-block-embed-youtube wp-embed-aspect-16-9 wp-has-aspect-ratio\"><div class=\"wp-block-embed__wrapper\">\n<iframe loading=\"lazy\" title=\"Panorama Regional CNC Noticias Tulu\u00e1 Emisi\u00f3n de la una de la tarde del del 02 de Diciembre de 2024.\" width=\"640\" height=\"360\" src=\"https:\/\/www.youtube.com\/embed\/ajlpTbWNQ2E?feature=oembed\" frameborder=\"0\" allow=\"accelerometer; autoplay; clipboard-write; encrypted-media; gyroscope; picture-in-picture; web-share\" referrerpolicy=\"strict-origin-when-cross-origin\" allowfullscreen><\/iframe>\n<\/div><\/figure>\n\n\n\n<p><strong>HOMBRE EN CONDICI\u00d3N DE CALLE ASESINADO CON ARMA DE FUEGO.<\/strong><\/p>\n\n\n\n<p>En Roldanillo, Valle del Cauca, el personal de la SIJIN realiz\u00f3 la inspecci\u00f3n t\u00e9cnica al cad\u00e1ver de Oscar Marino Posso, un hombre en condici\u00f3n de calle que fue encontrado con heridas ocasionadas por un arma de fuego.<\/p>\n\n\n\n<p>Los hechos ocurrieron en horas de la madrugada y los m\u00f3viles detr\u00e1s de este crimen, as\u00ed como los responsables, son a\u00fan materia de investigaci\u00f3n. La polic\u00eda sigue adelantando diligencias para esclarecer los detalles de este asesinato y dar con los responsables.<\/p>\n\n\n\n<p><strong>HOMICIDIO EN EL CENTRO DE PRADERA, UN MUERTO Y UN HERIDO.<\/strong><\/p>\n\n\n\n<p>En la noche del 29 de noviembre, un tiroteo ocurrido en el barrio El Centro de Pradera dej\u00f3 una v\u00edctima fatal y un hombre herido. El personal de la SIJIN fue movilizado al hospital San Roque de Pradera para realizar la inspecci\u00f3n t\u00e9cnica al cad\u00e1ver de Johan Steven Lemus D\u00e1vila, quien present\u00f3 una herida ocasionada por un arma de fuego.<\/p>\n\n\n\n<p>En el mismo hecho, otro hombre result\u00f3 lesionado con un disparo, siendo atendido por los m\u00e9dicos del hospital. Los m\u00f3viles del crimen y los agresores siguen siendo investigados por las autoridades.<\/p>\n\n\n\n<p><\/p>\n\n\n\n<p><\/p>\n\n\n\n<p><strong>HOMBRE INDOCUMENTADO MUERE APU\u00d1ALADO EN V\u00cdA P\u00daBLICA.<\/strong><\/p>\n\n\n\n<p>En el corregimiento de Rozo, Valle del Cauca, un hombre de aproximadamente 55 a\u00f1os fue hallado muerto en la v\u00eda p\u00fablica, en la intersecci\u00f3n de la Avenida 9A con la Carrera 10. El personal de la SIJIN realiz\u00f3 la inspecci\u00f3n t\u00e9cnica al cad\u00e1ver, que presentaba una herida ocasionada con un arma cortopunzante.<\/p>\n\n\n\n<p>La v\u00edctima, que no llevaba identificaci\u00f3n, parece ser un habitante en condici\u00f3n de calle. Las autoridades est\u00e1n trabajando para establecer su identidad y las circunstancias detr\u00e1s de su muerte.<\/p>\n\n\n\n<p><\/p>\n\n\n\n<p><\/p>\n\n\n\n<p><strong>ASESINATO EN EL BARRIO SOL Y LUNA DE ANDALUC\u00cdA.<\/strong><\/p>\n\n\n\n<p>El municipio de Andaluc\u00eda, Valle del Cauca, vuelve a ser escenario de hechos violentos. En la noche del pasado 29 de noviembre, Seg\u00fan informaci\u00f3n preliminar, hombres armados llegaron al barrio Sol y Luna, cerca del sector conocido como \u201cLa Pista\u201d, y abrieron fuego contra un hombre identificado como Juan Camilo Mart\u00ednez.&nbsp;<\/p>\n\n\n\n<p>Mart\u00ednez recibi\u00f3 varios impactos con arma de fuego en distintas partes del cuerpo. Gravemente herido, fue trasladado al hospital municipal, donde minutos despu\u00e9s se confirm\u00f3 su fallecimiento, pese a los esfuerzos por los galenos por salvarle la vida.&nbsp;<\/p>\n\n\n\n<p>Las autoridades competentes han iniciado las investigaciones para determinar los motivos y responsables de este homicidio, que vuelve a generar preocupaci\u00f3n entre los habitantes de esta localidad del centro del Valle del Cauca.<\/p>\n","protected":false},"excerpt":{"rendered":"<p>La violencia en el Valle del Cauca sigue en aumento, con recientes hechos de sangre que han dejado varias v\u00edctimas mortales en diferentes municipios del departamento. Entre los casos, se encuentran asesinatos cometidos con armas de fuego y cortopunzantes en Roldanillo, Palmira y Andaluc\u00eda, lo que ha generado un clima de preocupaci\u00f3n entre los habitantes [&hellip;]<\/p>\n","protected":false},"author":4,"featured_media":27207,"comment_status":"open","ping_status":"open","sticky":false,"template":"","format":"video","meta":{"footnotes":""},"categories":[1],"tags":[],"class_list":["post-27184","post","type-post","status-publish","format-video","has-post-thumbnail","hentry","category-uncategorized","post_format-post-format-video"],"_links":{"self":[{"href":"https:\/\/cnctulua.tv\/index.php?rest_route=\/wp\/v2\/posts\/27184","targetHints":{"allow":["GET"]}}],"collection":[{"href":"https:\/\/cnctulua.tv\/index.php?rest_route=\/wp\/v2\/posts"}],"about":[{"href":"https:\/\/cnctulua.tv\/index.php?rest_route=\/wp\/v2\/types\/post"}],"author":[{"embeddable":true,"href":"https:\/\/cnctulua.tv\/index.php?rest_route=\/wp\/v2\/users\/4"}],"replies":[{"embeddable":true,"href":"https:\/\/cnctulua.tv\/index.php?rest_route=%2Fwp%2Fv2%2Fcomments&post=27184"}],"version-history":[{"count":1,"href":"https:\/\/cnctulua.tv\/index.php?rest_route=\/wp\/v2\/posts\/27184\/revisions"}],"predecessor-version":[{"id":27208,"href":"https:\/\/cnctulua.tv\/index.php?rest_route=\/wp\/v2\/posts\/27184\/revisions\/27208"}],"wp:featuredmedia":[{"embeddable":true,"href":"https:\/\/cnctulua.tv\/index.php?rest_route=\/wp\/v2\/media\/27207"}],"wp:attachment":[{"href":"https:\/\/cnctulua.tv\/index.php?rest_route=%2Fwp%2Fv2%2Fmedia&parent=27184"}],"wp:term":[{"taxonomy":"category","embeddable":true,"href":"https:\/\/cnctulua.tv\/index.php?rest_route=%2Fwp%2Fv2%2Fcategories&post=27184"},{"taxonomy":"post_tag","embeddable":true,"href":"https:\/\/cnctulua.tv\/index.php?rest_route=%2Fwp%2Fv2%2Ftags&post=27184"}],"curies":[{"name":"wp","href":"https:\/\/api.w.org\/{rel}","templated":true}]}}