{"id":27206,"date":"2024-12-02T18:39:00","date_gmt":"2024-12-02T18:39:00","guid":{"rendered":"https:\/\/cnctulua.tv\/?p=27206"},"modified":"2024-12-02T18:39:06","modified_gmt":"2024-12-02T18:39:06","slug":"tulua-avanza-en-la-mejora-de-la-infraestructura-rural-y-el-fortalecimiento-agricola","status":"publish","type":"post","link":"https:\/\/cnctulua.tv\/?p=27206","title":{"rendered":"TULU\u00c1 AVANZA EN LA MEJORA DE LA INFRAESTRUCTURA RURAL Y EL FORTALECIMIENTO AGR\u00cdCOLA."},"content":{"rendered":"\n<p><\/p>\n\n\n\n<p>La Alcald\u00eda de Tulu\u00e1, liderada por la alcaldesa encargada, Alexandra Cardona, ha resaltado el apoyo clave de la Gobernaci\u00f3n del Valle del Cauca en el fortalecimiento del sector agr\u00edcola y la mejora de la infraestructura vial en la zona rural del municipio. Este esfuerzo conjunto busca impulsar la productividad de los campesinos y mejorar la calidad de vida de los habitantes de los corregimientos rurales.<\/p>\n\n\n\n<p><\/p>\n\n\n\n<figure class=\"wp-block-embed is-type-video is-provider-youtube wp-block-embed-youtube wp-embed-aspect-16-9 wp-has-aspect-ratio\"><div class=\"wp-block-embed__wrapper\">\n<iframe loading=\"lazy\" title=\"El municipio de Tulu\u00e1 avanza en la mejora agr\u00edcola y vial de su zona rural.\" width=\"640\" height=\"360\" src=\"https:\/\/www.youtube.com\/embed\/H3Mbupb48SY?feature=oembed\" frameborder=\"0\" allow=\"accelerometer; autoplay; clipboard-write; encrypted-media; gyroscope; picture-in-picture; web-share\" referrerpolicy=\"strict-origin-when-cross-origin\" allowfullscreen><\/iframe>\n<\/div><\/figure>\n\n\n\n<p>En una reciente declaraci\u00f3n, Cardona subray\u00f3 la importancia de la colaboraci\u00f3n entre el municipio y la gobernaci\u00f3n para brindar insumos vitales para los campesinos, tales como pl\u00e1ntulas, colinos de caf\u00e9 y fertilizantes. Esta intervenci\u00f3n busca optimizar la calidad del caf\u00e9, uno de los productos m\u00e1s representativos de la regi\u00f3n, y facilitar su comercializaci\u00f3n. \u201cEs fundamental que el apoyo contin\u00fae para que los campesinos de Tulu\u00e1 puedan seguir fortaleciendo sus cultivos y, con ello, la econom\u00eda local\u201d, afirm\u00f3 la alcaldesa encargada.<\/p>\n\n\n\n<figure class=\"wp-block-image size-full is-resized\"><img loading=\"lazy\" decoding=\"async\" width=\"277\" height=\"182\" src=\"https:\/\/cnctulua.tv\/wp-content\/uploads\/2024\/12\/images-2.jpg\" alt=\"\" class=\"wp-image-27213\" style=\"width:840px;height:auto\"\/><\/figure>\n\n\n\n<p>Uno de los proyectos m\u00e1s destacados es el convenio firmado entre la Gobernaci\u00f3n del Valle y el municipio de Tulu\u00e1, con el objetivo de mejorar la conectividad vial en la zona rural alta y media, particularmente en los corregimientos de Las Veraneras, San Rafael y Puerto Frazadas.<\/p>\n\n\n\n<p>Este convenio permitir\u00e1 ampliar la cobertura de la malla vial y fortalecer la infraestructura vial, mejorando el acceso y reduciendo los tiempos de desplazamiento para los habitantes y productores de la regi\u00f3n.<\/p>\n\n\n\n<p>Cardona destac\u00f3 que, con la firma del contrato, ya se ha dado el primer paso hacia la ejecuci\u00f3n de este importante proyecto. El siguiente paso ser\u00e1 la licitaci\u00f3n para iniciar las obras de mejora de la infraestructura vial. \u201cEste proyecto permitir\u00e1 una conectividad m\u00e1s eficiente, garantizando que los campesinos puedan trasladar sus productos a los mercados de manera m\u00e1s r\u00e1pida y segura, adem\u00e1s de mejorar el acceso a servicios y oportunidades\u201d, asegur\u00f3 la alcaldesa.<\/p>\n","protected":false},"excerpt":{"rendered":"<p>La Alcald\u00eda de Tulu\u00e1, liderada por la alcaldesa encargada, Alexandra Cardona, ha resaltado el apoyo clave de la Gobernaci\u00f3n del Valle del Cauca en el fortalecimiento del sector agr\u00edcola y la mejora de la infraestructura vial en la zona rural del municipio. Este esfuerzo conjunto busca impulsar la productividad de los campesinos y mejorar la [&hellip;]<\/p>\n","protected":false},"author":4,"featured_media":27212,"comment_status":"open","ping_status":"open","sticky":false,"template":"","format":"video","meta":{"footnotes":""},"categories":[1],"tags":[],"class_list":["post-27206","post","type-post","status-publish","format-video","has-post-thumbnail","hentry","category-uncategorized","post_format-post-format-video"],"_links":{"self":[{"href":"https:\/\/cnctulua.tv\/index.php?rest_route=\/wp\/v2\/posts\/27206","targetHints":{"allow":["GET"]}}],"collection":[{"href":"https:\/\/cnctulua.tv\/index.php?rest_route=\/wp\/v2\/posts"}],"about":[{"href":"https:\/\/cnctulua.tv\/index.php?rest_route=\/wp\/v2\/types\/post"}],"author":[{"embeddable":true,"href":"https:\/\/cnctulua.tv\/index.php?rest_route=\/wp\/v2\/users\/4"}],"replies":[{"embeddable":true,"href":"https:\/\/cnctulua.tv\/index.php?rest_route=%2Fwp%2Fv2%2Fcomments&post=27206"}],"version-history":[{"count":1,"href":"https:\/\/cnctulua.tv\/index.php?rest_route=\/wp\/v2\/posts\/27206\/revisions"}],"predecessor-version":[{"id":27229,"href":"https:\/\/cnctulua.tv\/index.php?rest_route=\/wp\/v2\/posts\/27206\/revisions\/27229"}],"wp:featuredmedia":[{"embeddable":true,"href":"https:\/\/cnctulua.tv\/index.php?rest_route=\/wp\/v2\/media\/27212"}],"wp:attachment":[{"href":"https:\/\/cnctulua.tv\/index.php?rest_route=%2Fwp%2Fv2%2Fmedia&parent=27206"}],"wp:term":[{"taxonomy":"category","embeddable":true,"href":"https:\/\/cnctulua.tv\/index.php?rest_route=%2Fwp%2Fv2%2Fcategories&post=27206"},{"taxonomy":"post_tag","embeddable":true,"href":"https:\/\/cnctulua.tv\/index.php?rest_route=%2Fwp%2Fv2%2Ftags&post=27206"}],"curies":[{"name":"wp","href":"https:\/\/api.w.org\/{rel}","templated":true}]}}