{"id":27248,"date":"2024-12-03T18:25:51","date_gmt":"2024-12-03T18:25:51","guid":{"rendered":"https:\/\/cnctulua.tv\/?p=27248"},"modified":"2024-12-03T18:25:56","modified_gmt":"2024-12-03T18:25:56","slug":"violencia-en-bocas-de-tulua-doble-homicidio-y-crecientes-preocupaciones-por-la-seguridad","status":"publish","type":"post","link":"https:\/\/cnctulua.tv\/?p=27248","title":{"rendered":"VIOLENCIA EN BOCAS DE TULU\u00c1: DOBLE HOMICIDIO Y CRECIENTES PREOCUPACIONES POR LA SEGURIDAD."},"content":{"rendered":"\n<p><\/p>\n\n\n\n<p>El Secretario de Gobierno de Tulu\u00e1, Jos\u00e9 Mart\u00edn Hincapi\u00e9 \u00c1lvarez, confirm\u00f3 el doble homicidio y explic\u00f3 que el ataque ocurri\u00f3 en horas de la tarde. \u00abLas dos personas fueron alcanzadas por los disparos y quedaron en el mismo lugar, cerca de su residencia\u00bb, detall\u00f3 Hincapi\u00e9 \u00c1lvarez. En este momento, las autoridades est\u00e1n realizando los actos urgentes correspondientes y se encuentran en la fase inicial de investigaci\u00f3n para esclarecer los hechos.<\/p>\n\n\n\n<p><\/p>\n\n\n\n<figure class=\"wp-block-embed is-type-video is-provider-youtube wp-block-embed-youtube wp-embed-aspect-16-9 wp-has-aspect-ratio\"><div class=\"wp-block-embed__wrapper\">\n<iframe loading=\"lazy\" title=\"Doble homicidio en Bocas de Tulu\u00e1: La violencia contin\u00faa en el municipio.\" width=\"640\" height=\"360\" src=\"https:\/\/www.youtube.com\/embed\/w8tHVA4nWR8?feature=oembed\" frameborder=\"0\" allow=\"accelerometer; autoplay; clipboard-write; encrypted-media; gyroscope; picture-in-picture; web-share\" referrerpolicy=\"strict-origin-when-cross-origin\" allowfullscreen><\/iframe>\n<\/div><\/figure>\n\n\n\n<p>En medio de la preocupaci\u00f3n creciente por la inseguridad en la regi\u00f3n, el secretario de Gobierno se refiri\u00f3 a la ola de violencia que ha afectado a Tulu\u00e1 en los \u00faltimos d\u00edas. Hincapi\u00e9 \u00c1lvarez destac\u00f3 que las autoridades manejan diversas hip\u00f3tesis sobre el origen de los cr\u00edmenes, aunque indic\u00f3 que, en muchos casos, la Polic\u00eda Nacional ha sugerido que estos podr\u00edan estar relacionados con ajustes de cuentas entre bandas delictivas. \u00abNo puedo asegurar que este caso en particular responda a esa explicaci\u00f3n, pero es una de las hip\u00f3tesis que se maneja\u00bb, agreg\u00f3 el funcionario.<\/p>\n\n\n\n<figure class=\"wp-block-image size-large\"><img loading=\"lazy\" decoding=\"async\" width=\"811\" height=\"1024\" src=\"https:\/\/cnctulua.tv\/wp-content\/uploads\/2024\/12\/WhatsApp-Image-2024-12-02-at-8.47.11-PM-811x1024.jpeg\" alt=\"\" class=\"wp-image-27308\" srcset=\"https:\/\/cnctulua.tv\/wp-content\/uploads\/2024\/12\/WhatsApp-Image-2024-12-02-at-8.47.11-PM-811x1024.jpeg 811w, https:\/\/cnctulua.tv\/wp-content\/uploads\/2024\/12\/WhatsApp-Image-2024-12-02-at-8.47.11-PM-238x300.jpeg 238w, https:\/\/cnctulua.tv\/wp-content\/uploads\/2024\/12\/WhatsApp-Image-2024-12-02-at-8.47.11-PM-768x970.jpeg 768w, https:\/\/cnctulua.tv\/wp-content\/uploads\/2024\/12\/WhatsApp-Image-2024-12-02-at-8.47.11-PM.jpeg 1080w\" sizes=\"auto, (max-width: 811px) 100vw, 811px\" \/><\/figure>\n\n\n\n<p>El aumento de hechos violentos en el municipio ha generado alarma entre los habitantes de Tulu\u00e1, quienes exigen respuestas inmediatas de las autoridades. En este sentido, el Secretario de Gobierno anunci\u00f3 que el d\u00eda de ma\u00f1ana se llevar\u00e1 a cabo un Consejo de Seguridad, cuyo principal tema de discusi\u00f3n ser\u00e1 la creciente violencia y las posibles soluciones para mitigar los efectos de las retaliaciones entre grupos criminales.<\/p>\n\n\n\n<p>A pesar de la incertidumbre sobre los m\u00f3viles de este \u00faltimo crimen, el secretario subray\u00f3 la importancia de evitar generalizaciones, ya que cada caso tiene sus particularidades y requiere un an\u00e1lisis detallado. \u00abLas investigaciones est\u00e1n en curso, y estamos trabajando para brindar claridad a la comunidad sobre lo sucedido\u00bb, afirm\u00f3.<\/p>\n","protected":false},"excerpt":{"rendered":"<p>El Secretario de Gobierno de Tulu\u00e1, Jos\u00e9 Mart\u00edn Hincapi\u00e9 \u00c1lvarez, confirm\u00f3 el doble homicidio y explic\u00f3 que el ataque ocurri\u00f3 en horas de la tarde. \u00abLas dos personas fueron alcanzadas por los disparos y quedaron en el mismo lugar, cerca de su residencia\u00bb, detall\u00f3 Hincapi\u00e9 \u00c1lvarez. En este momento, las autoridades est\u00e1n realizando los actos [&hellip;]<\/p>\n","protected":false},"author":4,"featured_media":27307,"comment_status":"open","ping_status":"open","sticky":false,"template":"","format":"video","meta":{"footnotes":""},"categories":[1],"tags":[],"class_list":["post-27248","post","type-post","status-publish","format-video","has-post-thumbnail","hentry","category-uncategorized","post_format-post-format-video"],"_links":{"self":[{"href":"https:\/\/cnctulua.tv\/index.php?rest_route=\/wp\/v2\/posts\/27248","targetHints":{"allow":["GET"]}}],"collection":[{"href":"https:\/\/cnctulua.tv\/index.php?rest_route=\/wp\/v2\/posts"}],"about":[{"href":"https:\/\/cnctulua.tv\/index.php?rest_route=\/wp\/v2\/types\/post"}],"author":[{"embeddable":true,"href":"https:\/\/cnctulua.tv\/index.php?rest_route=\/wp\/v2\/users\/4"}],"replies":[{"embeddable":true,"href":"https:\/\/cnctulua.tv\/index.php?rest_route=%2Fwp%2Fv2%2Fcomments&post=27248"}],"version-history":[{"count":1,"href":"https:\/\/cnctulua.tv\/index.php?rest_route=\/wp\/v2\/posts\/27248\/revisions"}],"predecessor-version":[{"id":27309,"href":"https:\/\/cnctulua.tv\/index.php?rest_route=\/wp\/v2\/posts\/27248\/revisions\/27309"}],"wp:featuredmedia":[{"embeddable":true,"href":"https:\/\/cnctulua.tv\/index.php?rest_route=\/wp\/v2\/media\/27307"}],"wp:attachment":[{"href":"https:\/\/cnctulua.tv\/index.php?rest_route=%2Fwp%2Fv2%2Fmedia&parent=27248"}],"wp:term":[{"taxonomy":"category","embeddable":true,"href":"https:\/\/cnctulua.tv\/index.php?rest_route=%2Fwp%2Fv2%2Fcategories&post=27248"},{"taxonomy":"post_tag","embeddable":true,"href":"https:\/\/cnctulua.tv\/index.php?rest_route=%2Fwp%2Fv2%2Ftags&post=27248"}],"curies":[{"name":"wp","href":"https:\/\/api.w.org\/{rel}","templated":true}]}}