{"id":27251,"date":"2024-12-03T16:39:53","date_gmt":"2024-12-03T16:39:53","guid":{"rendered":"https:\/\/cnctulua.tv\/?p=27251"},"modified":"2024-12-03T16:39:57","modified_gmt":"2024-12-03T16:39:57","slug":"la-central-de-transportes-de-tulua-se-viste-de-navidad-con-iluminacion-y-actividades-para-toda-la-familia","status":"publish","type":"post","link":"https:\/\/cnctulua.tv\/?p=27251","title":{"rendered":"LA CENTRAL DE TRANSPORTES DE TULU\u00c1 SE VISTE DE NAVIDAD CON ILUMINACI\u00d3N Y ACTIVIDADES PARA TODA LA FAMILIA."},"content":{"rendered":"\n<p>La Central de Transportes de Tulu\u00e1 dio inicio a las celebraciones navide\u00f1as con un evento especial que ilumin\u00f3 la terminal y sorprendi\u00f3 tanto a los tulue\u00f1os como a los visitantes. Con un ambiente festivo, luces brillantes y actividades especiales, la terminal se convierte en un punto de encuentro lleno de magia para dar la bienvenida al mes de diciembre.<\/p>\n\n\n\n<p><\/p>\n\n\n\n<figure class=\"wp-block-embed is-type-video is-provider-youtube wp-block-embed-youtube wp-embed-aspect-16-9 wp-has-aspect-ratio\"><div class=\"wp-block-embed__wrapper\">\n<iframe loading=\"lazy\" title=\"La Central de Transportes de Tulu\u00e1: Da la bienvenida a diciembre con festejos navide\u00f1os.\" width=\"640\" height=\"360\" src=\"https:\/\/www.youtube.com\/embed\/skRv3pTcu4Y?feature=oembed\" frameborder=\"0\" allow=\"accelerometer; autoplay; clipboard-write; encrypted-media; gyroscope; picture-in-picture; web-share\" referrerpolicy=\"strict-origin-when-cross-origin\" allowfullscreen><\/iframe>\n<\/div><\/figure>\n\n\n\n<p>Libia Fernanda Pasm\u00edn, gerente de la Central de Transportes, expres\u00f3 que el objetivo principal de estas actividades es llevar alegr\u00eda a los habitantes de Tulu\u00e1. \u201cHagamos felices a los tulue\u00f1os. Esa es mi labor aqu\u00ed en la central, hacer felices a las 900 familias que forman parte de este lugar\u201d, se\u00f1al\u00f3 Pasm\u00edn.<\/p>\n\n\n\n<p>La terminal ha sido decorada con luces brillantes visibles desde las principales v\u00edas de la ciudad, destacando un imponente \u00e1rbol de Navidad de 9 metros de altura. Adem\u00e1s, los ni\u00f1os tienen la oportunidad de tomarse selfies con Pap\u00e1 Noel los fines de semana, mientras que aquellos que deseen enviar sus cartas al Ni\u00f1o Dios, pueden hacerlo en los spots habilitados dentro de la terminal.<\/p>\n\n\n\n<figure class=\"wp-block-image size-large\"><img loading=\"lazy\" decoding=\"async\" width=\"1024\" height=\"603\" src=\"https:\/\/cnctulua.tv\/wp-content\/uploads\/2024\/12\/CENTRAL-BRILLA-1024x603.png\" alt=\"\" class=\"wp-image-27286\" srcset=\"https:\/\/cnctulua.tv\/wp-content\/uploads\/2024\/12\/CENTRAL-BRILLA-1024x603.png 1024w, https:\/\/cnctulua.tv\/wp-content\/uploads\/2024\/12\/CENTRAL-BRILLA-300x177.png 300w, https:\/\/cnctulua.tv\/wp-content\/uploads\/2024\/12\/CENTRAL-BRILLA-768x452.png 768w, https:\/\/cnctulua.tv\/wp-content\/uploads\/2024\/12\/CENTRAL-BRILLA.png 1087w\" sizes=\"auto, (max-width: 1024px) 100vw, 1024px\" \/><\/figure>\n\n\n\n<p>Pasm\u00edn tambi\u00e9n detall\u00f3 que las actividades continuar\u00e1n durante todo el mes de diciembre. \u201cEste es solo el comienzo. El pr\u00f3ximo 7 de diciembre vamos a inaugurar el alumbrado navide\u00f1o en el Coliseo de Ferias, y desde la central se habilitar\u00e1 un servicio de transporte gratuito que llevar\u00e1 a los visitantes hasta all\u00ed y regresar\u00e1 a la terminal para que puedan dejar sus veh\u00edculos en el parqueadero\u201d, explic\u00f3.<\/p>\n\n\n\n<p>Durante esta temporada, la Central de Transportes no solo se dedica a crear un ambiente festivo, sino tambi\u00e9n a garantizar la seguridad de los pasajeros. Se han implementado rigurosos controles de alcoholemia para los conductores de las diferentes empresas de transporte, asegurando que todos los veh\u00edculos cumplan con las normas de seguridad. \u201cEs importante que los usuarios solo utilicen los servicios legales dentro de la terminal, ya que esto les garantiza un viaje seguro y c\u00f3modo\u201d, se\u00f1al\u00f3 Pasm\u00edn.<\/p>\n\n\n\n<p>Con esta iniciativa, la Central de Transportes de Tulu\u00e1 busca ofrecer a los tulue\u00f1os y turistas un espacio lleno de alegr\u00eda y seguridad, donde puedan disfrutar de la Navidad en familia.<\/p>\n","protected":false},"excerpt":{"rendered":"<p>La Central de Transportes de Tulu\u00e1 dio inicio a las celebraciones navide\u00f1as con un evento especial que ilumin\u00f3 la terminal y sorprendi\u00f3 tanto a los tulue\u00f1os como a los visitantes. Con un ambiente festivo, luces brillantes y actividades especiales, la terminal se convierte en un punto de encuentro lleno de magia para dar la bienvenida [&hellip;]<\/p>\n","protected":false},"author":4,"featured_media":27285,"comment_status":"open","ping_status":"open","sticky":false,"template":"","format":"video","meta":{"footnotes":""},"categories":[1],"tags":[],"class_list":["post-27251","post","type-post","status-publish","format-video","has-post-thumbnail","hentry","category-uncategorized","post_format-post-format-video"],"_links":{"self":[{"href":"https:\/\/cnctulua.tv\/index.php?rest_route=\/wp\/v2\/posts\/27251","targetHints":{"allow":["GET"]}}],"collection":[{"href":"https:\/\/cnctulua.tv\/index.php?rest_route=\/wp\/v2\/posts"}],"about":[{"href":"https:\/\/cnctulua.tv\/index.php?rest_route=\/wp\/v2\/types\/post"}],"author":[{"embeddable":true,"href":"https:\/\/cnctulua.tv\/index.php?rest_route=\/wp\/v2\/users\/4"}],"replies":[{"embeddable":true,"href":"https:\/\/cnctulua.tv\/index.php?rest_route=%2Fwp%2Fv2%2Fcomments&post=27251"}],"version-history":[{"count":1,"href":"https:\/\/cnctulua.tv\/index.php?rest_route=\/wp\/v2\/posts\/27251\/revisions"}],"predecessor-version":[{"id":27287,"href":"https:\/\/cnctulua.tv\/index.php?rest_route=\/wp\/v2\/posts\/27251\/revisions\/27287"}],"wp:featuredmedia":[{"embeddable":true,"href":"https:\/\/cnctulua.tv\/index.php?rest_route=\/wp\/v2\/media\/27285"}],"wp:attachment":[{"href":"https:\/\/cnctulua.tv\/index.php?rest_route=%2Fwp%2Fv2%2Fmedia&parent=27251"}],"wp:term":[{"taxonomy":"category","embeddable":true,"href":"https:\/\/cnctulua.tv\/index.php?rest_route=%2Fwp%2Fv2%2Fcategories&post=27251"},{"taxonomy":"post_tag","embeddable":true,"href":"https:\/\/cnctulua.tv\/index.php?rest_route=%2Fwp%2Fv2%2Ftags&post=27251"}],"curies":[{"name":"wp","href":"https:\/\/api.w.org\/{rel}","templated":true}]}}