{"id":27255,"date":"2024-12-03T16:56:06","date_gmt":"2024-12-03T16:56:06","guid":{"rendered":"https:\/\/cnctulua.tv\/?p=27255"},"modified":"2024-12-03T16:56:09","modified_gmt":"2024-12-03T16:56:09","slug":"con-encendido-de-luces-y-actividades-culturales-inician-la-navidad-en-la-terminal-de-transporte-de-tulua","status":"publish","type":"post","link":"https:\/\/cnctulua.tv\/?p=27255","title":{"rendered":"CON ENCENDIDO DE LUCES Y ACTIVIDADES CULTURALES: INICIAN LA NAVIDAD EN LA TERMINAL DE TRANSPORTE DE TULU\u00c1."},"content":{"rendered":"\n<p>El pasado 2 de diciembre, Tulu\u00e1 dio la bienvenida a la temporada navide\u00f1a con un encendido de luces en la Central de Transporte. En un ambiente festivo, lleno de m\u00fasica, danza y el desfile de la banda marcial, los tulue\u00f1os celebraron el inicio de diciembre, marcando el comienzo de un mes cargado de actividades y sorpresas.<\/p>\n\n\n\n<p><\/p>\n\n\n\n<figure class=\"wp-block-embed is-type-video is-provider-youtube wp-block-embed-youtube wp-embed-aspect-16-9 wp-has-aspect-ratio\"><div class=\"wp-block-embed__wrapper\">\n<iframe loading=\"lazy\" title=\"Navidad en Tulu\u00e1: Luces, m\u00fasica y cultura inician las celebraciones en la Central de Transporte.\" width=\"640\" height=\"360\" src=\"https:\/\/www.youtube.com\/embed\/ZqkGyu6SvaU?feature=oembed\" frameborder=\"0\" allow=\"accelerometer; autoplay; clipboard-write; encrypted-media; gyroscope; picture-in-picture; web-share\" referrerpolicy=\"strict-origin-when-cross-origin\" allowfullscreen><\/iframe>\n<\/div><\/figure>\n\n\n\n<p>El evento, organizado por la Administraci\u00f3n Municipal y con la colaboraci\u00f3n de los funcionarios del terminal de transportes, fue una fiesta para la comunidad. \u00abEste evento es un regalo para nuestros ciudadanos, simbolizando la llegada de la Navidad. Queremos devolverles la esperanza, la alegr\u00eda y el optimismo, y que los visitantes se lleven una imagen bonita de nuestra ciudad\u00bb, afirm\u00f3 el alcalde V\u00e9lez Rom\u00e1n.<\/p>\n\n\n\n<p>Adem\u00e1s del encendido de luces en la Central de Transporte, el alcalde anunci\u00f3 que la ciudad contar\u00e1 con varios puntos de alumbrado navide\u00f1o, siendo uno de los m\u00e1s destacados el Coliseo de Ferias Manuel Victoria Rojas. Este espacio, que se est\u00e1 adecuando para ofrecer un ambiente seguro y c\u00f3modo, ser\u00e1 el centro de diversas actividades durante todo el mes de diciembre. All\u00ed, los tulue\u00f1os podr\u00e1n disfrutar de un espectacular show de video mapping, que se presentar\u00e1 8 veces al d\u00eda, adem\u00e1s de otras actividades culturales y recreativas.<\/p>\n\n\n\n<p>\u00abQueremos que las familias disfruten del alumbrado de una manera diferente, que puedan caminar, tomarse fotos y vivir una experiencia \u00fanica en un lugar c\u00f3modo y seguro\u00bb, expres\u00f3 el alcalde. El evento comenzar\u00e1 el 7 de diciembre y se extender\u00e1 hasta el 27 del mismo mes, con actividades para todos los gustos, incluidos los tradicionales bu\u00f1uelos y natillas, adem\u00e1s de la entrega de regalos para los ni\u00f1os.<\/p>\n\n\n\n<p>La Alcald\u00eda tambi\u00e9n invit\u00f3 a los habitantes de municipios vecinos, como San Pedro, R\u00edo Fr\u00edo y Trujillo, a visitar Tulu\u00e1 y disfrutar de estas celebraciones que buscan fortalecer el sentido de comunidad y la uni\u00f3n familiar.<\/p>\n\n\n\n<p>Con este inicio de la temporada navide\u00f1a, Tulu\u00e1 se prepara para recibir a miles de visitantes y ofrecerles una experiencia inolvidable llena de luces, cultura y comunidad.<\/p>\n","protected":false},"excerpt":{"rendered":"<p>El pasado 2 de diciembre, Tulu\u00e1 dio la bienvenida a la temporada navide\u00f1a con un encendido de luces en la Central de Transporte. En un ambiente festivo, lleno de m\u00fasica, danza y el desfile de la banda marcial, los tulue\u00f1os celebraron el inicio de diciembre, marcando el comienzo de un mes cargado de actividades y [&hellip;]<\/p>\n","protected":false},"author":4,"featured_media":27288,"comment_status":"open","ping_status":"open","sticky":false,"template":"","format":"video","meta":{"footnotes":""},"categories":[1],"tags":[],"class_list":["post-27255","post","type-post","status-publish","format-video","has-post-thumbnail","hentry","category-uncategorized","post_format-post-format-video"],"_links":{"self":[{"href":"https:\/\/cnctulua.tv\/index.php?rest_route=\/wp\/v2\/posts\/27255","targetHints":{"allow":["GET"]}}],"collection":[{"href":"https:\/\/cnctulua.tv\/index.php?rest_route=\/wp\/v2\/posts"}],"about":[{"href":"https:\/\/cnctulua.tv\/index.php?rest_route=\/wp\/v2\/types\/post"}],"author":[{"embeddable":true,"href":"https:\/\/cnctulua.tv\/index.php?rest_route=\/wp\/v2\/users\/4"}],"replies":[{"embeddable":true,"href":"https:\/\/cnctulua.tv\/index.php?rest_route=%2Fwp%2Fv2%2Fcomments&post=27255"}],"version-history":[{"count":1,"href":"https:\/\/cnctulua.tv\/index.php?rest_route=\/wp\/v2\/posts\/27255\/revisions"}],"predecessor-version":[{"id":27289,"href":"https:\/\/cnctulua.tv\/index.php?rest_route=\/wp\/v2\/posts\/27255\/revisions\/27289"}],"wp:featuredmedia":[{"embeddable":true,"href":"https:\/\/cnctulua.tv\/index.php?rest_route=\/wp\/v2\/media\/27288"}],"wp:attachment":[{"href":"https:\/\/cnctulua.tv\/index.php?rest_route=%2Fwp%2Fv2%2Fmedia&parent=27255"}],"wp:term":[{"taxonomy":"category","embeddable":true,"href":"https:\/\/cnctulua.tv\/index.php?rest_route=%2Fwp%2Fv2%2Fcategories&post=27255"},{"taxonomy":"post_tag","embeddable":true,"href":"https:\/\/cnctulua.tv\/index.php?rest_route=%2Fwp%2Fv2%2Ftags&post=27255"}],"curies":[{"name":"wp","href":"https:\/\/api.w.org\/{rel}","templated":true}]}}