{"id":27256,"date":"2024-12-03T18:40:04","date_gmt":"2024-12-03T18:40:04","guid":{"rendered":"https:\/\/cnctulua.tv\/?p=27256"},"modified":"2024-12-03T18:40:07","modified_gmt":"2024-12-03T18:40:07","slug":"renovacion-de-la-casa-de-justicia-en-tulua-un-espacio-mas-funcional-y-acogedor-para-la-comunidad","status":"publish","type":"post","link":"https:\/\/cnctulua.tv\/?p=27256","title":{"rendered":"RENOVACI\u00d3N DE LA CASA DE JUSTICIA EN TULU\u00c1: UN ESPACIO M\u00c1S FUNCIONAL Y ACOGEDOR PARA LA COMUNIDAD."},"content":{"rendered":"\n<p>La Casa de Justicia de Tulu\u00e1, un espacio clave para la administraci\u00f3n p\u00fablica, ha sido objeto de una renovaci\u00f3n. Seg\u00fan Robert Posada, Secretario de Desarrollo Institucional, este proyecto busca no solo mejorar la est\u00e9tica del lugar, sino tambi\u00e9n las condiciones de trabajo de los funcionarios y la experiencia de los ciudadanos que visitan la sede.<\/p>\n\n\n\n<p><\/p>\n\n\n\n<figure class=\"wp-block-embed is-type-video is-provider-youtube wp-block-embed-youtube wp-embed-aspect-16-9 wp-has-aspect-ratio\"><div class=\"wp-block-embed__wrapper\">\n<iframe loading=\"lazy\" title=\"La Casa de Justicia de Tulu\u00e1 renueva su imagen y funcionalidad para la comunidad.\" width=\"640\" height=\"360\" src=\"https:\/\/www.youtube.com\/embed\/MTBSofxYlls?feature=oembed\" frameborder=\"0\" allow=\"accelerometer; autoplay; clipboard-write; encrypted-media; gyroscope; picture-in-picture; web-share\" referrerpolicy=\"strict-origin-when-cross-origin\" allowfullscreen><\/iframe>\n<\/div><\/figure>\n\n\n\n<p>\u00abHoy, la Casa de Justicia luce muy diferente a como la encontramos. Era una sede que pr\u00e1cticamente se estaba cayendo debido al abandono y la desidia\u00bb, afirm\u00f3 Posada. La intervenci\u00f3n, que incluy\u00f3 la renovaci\u00f3n de fachadas, patios internos y parte de la cerrajer\u00eda, ha transformado el lugar en un entorno m\u00e1s adecuado tanto para la ciudadan\u00eda como para los funcionarios del lugar.<\/p>\n\n\n\n<p>A pesar de que la renovaci\u00f3n est\u00e9tica fue la primera fase del proyecto, el funcionario asegura que ya est\u00e1n trabajando en un diagn\u00f3stico para intervenciones futuras, que incluyen mejoras en la parte el\u00e9ctrica y la instalaci\u00f3n de aires acondicionados. Estas acciones buscan garantizar un espacio m\u00e1s funcional y c\u00f3modo para los empleados y los visitantes. \u00abVamos a trabajar paso a paso, seg\u00fan los recursos disponibles, siempre con la confianza de los tulue\u00f1os\u00bb, a\u00f1adi\u00f3 Posada.<\/p>\n\n\n\n<p>Adem\u00e1s de la intervenci\u00f3n en la Casa de Justicia, el gobierno municipal ha estado trabajando en la resoluci\u00f3n de problem\u00e1ticas en otros puntos de la ciudad. Un ejemplo de esto es la rehabilitaci\u00f3n del Parque Bol\u00edvar, o Parque C\u00e9spedes, que hab\u00eda generado molestias a la comunidad durante los \u00faltimos tres a\u00f1os debido a un da\u00f1o que afectaba la movilidad en el sector. \u00abHoy podemos decir que esta situaci\u00f3n ya est\u00e1 resuelta, y la v\u00eda ya est\u00e1 habilitada\u00bb, destac\u00f3 el Secretario.<\/p>\n\n\n\n<p>El trabajo mancomunado entre la Secretar\u00eda de Desarrollo Institucional, la Alcald\u00eda de Tulu\u00e1, y los ingenieros y personal operativo de la ciudad ha sido fundamental para este avance. Adem\u00e1s, se est\u00e1n promoviendo campa\u00f1as educativas y se invita a la comunidad a participar en las jornadas de limpieza. \u00abQueremos que los tulue\u00f1os sientan un sentido de pertenencia y amor por su ciudad, por lo p\u00fablico\u00bb, dijo Posada.<\/p>\n\n\n\n<p>Este esfuerzo por parte de la administraci\u00f3n local tambi\u00e9n se extender\u00e1 el pr\u00f3ximo a\u00f1o, con la nueva toma del r\u00edo Tulu\u00e1, con el objetivo de seguir apostando por una ciudad m\u00e1s limpia y amigable con el medio ambiente.<\/p>\n\n\n\n<p>Por \u00faltimo, el Secretario comparti\u00f3 que los esfuerzos de renovaci\u00f3n no se limitan a la Casa de Justicia. La Escuela Kennedy, otro de los espacios p\u00fablicos importantes de la ciudad, tambi\u00e9n ser\u00e1 objeto de una intervenci\u00f3n. \u00abAll\u00ed se establecer\u00e1 una extensi\u00f3n del archivo, y vamos a trabajar para recuperar ese espacio tambi\u00e9n\u00bb, concluy\u00f3 Posada.<\/p>\n\n\n\n<p>Con el apoyo de la comunidad, la Administraci\u00f3n Municipal sigue adelante con su compromiso de mejorar la infraestructura de Tulu\u00e1 y hacer de la ciudad un lugar m\u00e1s habitable y funcional para todos.<\/p>\n","protected":false},"excerpt":{"rendered":"<p>La Casa de Justicia de Tulu\u00e1, un espacio clave para la administraci\u00f3n p\u00fablica, ha sido objeto de una renovaci\u00f3n. Seg\u00fan Robert Posada, Secretario de Desarrollo Institucional, este proyecto busca no solo mejorar la est\u00e9tica del lugar, sino tambi\u00e9n las condiciones de trabajo de los funcionarios y la experiencia de los ciudadanos que visitan la sede. [&hellip;]<\/p>\n","protected":false},"author":4,"featured_media":27313,"comment_status":"open","ping_status":"open","sticky":false,"template":"","format":"video","meta":{"footnotes":""},"categories":[1],"tags":[],"class_list":["post-27256","post","type-post","status-publish","format-video","has-post-thumbnail","hentry","category-uncategorized","post_format-post-format-video"],"_links":{"self":[{"href":"https:\/\/cnctulua.tv\/index.php?rest_route=\/wp\/v2\/posts\/27256","targetHints":{"allow":["GET"]}}],"collection":[{"href":"https:\/\/cnctulua.tv\/index.php?rest_route=\/wp\/v2\/posts"}],"about":[{"href":"https:\/\/cnctulua.tv\/index.php?rest_route=\/wp\/v2\/types\/post"}],"author":[{"embeddable":true,"href":"https:\/\/cnctulua.tv\/index.php?rest_route=\/wp\/v2\/users\/4"}],"replies":[{"embeddable":true,"href":"https:\/\/cnctulua.tv\/index.php?rest_route=%2Fwp%2Fv2%2Fcomments&post=27256"}],"version-history":[{"count":1,"href":"https:\/\/cnctulua.tv\/index.php?rest_route=\/wp\/v2\/posts\/27256\/revisions"}],"predecessor-version":[{"id":27314,"href":"https:\/\/cnctulua.tv\/index.php?rest_route=\/wp\/v2\/posts\/27256\/revisions\/27314"}],"wp:featuredmedia":[{"embeddable":true,"href":"https:\/\/cnctulua.tv\/index.php?rest_route=\/wp\/v2\/media\/27313"}],"wp:attachment":[{"href":"https:\/\/cnctulua.tv\/index.php?rest_route=%2Fwp%2Fv2%2Fmedia&parent=27256"}],"wp:term":[{"taxonomy":"category","embeddable":true,"href":"https:\/\/cnctulua.tv\/index.php?rest_route=%2Fwp%2Fv2%2Fcategories&post=27256"},{"taxonomy":"post_tag","embeddable":true,"href":"https:\/\/cnctulua.tv\/index.php?rest_route=%2Fwp%2Fv2%2Ftags&post=27256"}],"curies":[{"name":"wp","href":"https:\/\/api.w.org\/{rel}","templated":true}]}}