{"id":27258,"date":"2024-12-03T17:37:36","date_gmt":"2024-12-03T17:37:36","guid":{"rendered":"https:\/\/cnctulua.tv\/?p=27258"},"modified":"2024-12-03T17:37:40","modified_gmt":"2024-12-03T17:37:40","slug":"hospital-departamental-tomas-uribe-uribe-celebra-la-bienvenida-a-la-navidad-con-un-evento-para-sus-colaboradores","status":"publish","type":"post","link":"https:\/\/cnctulua.tv\/?p=27258","title":{"rendered":"HOSPITAL DEPARTAMENTAL TOM\u00c1S URIBE URIBE: CELEBRA LA BIENVENIDA A LA NAVIDAD CON UN EVENTO PARA SUS COLABORADORES."},"content":{"rendered":"\n<p><\/p>\n\n\n\n<p>La temporada navide\u00f1a en el Hospital Departamental Tom\u00e1s Uribe Uribe comenz\u00f3 con un emotivo evento de bienvenida, realizado en el parqueadero del hospital. El evento, que incluy\u00f3 un compartir para todos los colaboradores, una vibrante papayera y un despliegue de luces artificiales, ilumin\u00f3 la noche y marc\u00f3 el inicio de diciembre, mes que promete estar lleno de actividades y sorpresas para el personal del centro asistencial.<\/p>\n\n\n\n<p><\/p>\n\n\n\n<figure class=\"wp-block-embed is-type-video is-provider-youtube wp-block-embed-youtube wp-embed-aspect-16-9 wp-has-aspect-ratio\"><div class=\"wp-block-embed__wrapper\">\n<iframe loading=\"lazy\" title=\"La bienvenida a la Navidad en el Hospital Departamental Tom\u00e1s Uribe Uribe.\" width=\"640\" height=\"360\" src=\"https:\/\/www.youtube.com\/embed\/et9ntj04E9I?feature=oembed\" frameborder=\"0\" allow=\"accelerometer; autoplay; clipboard-write; encrypted-media; gyroscope; picture-in-picture; web-share\" referrerpolicy=\"strict-origin-when-cross-origin\" allowfullscreen><\/iframe>\n<\/div><\/figure>\n\n\n\n<p>Germ\u00e1n Alonso Ortiz Mosquera, gerente encargado del hospital, destac\u00f3 la importancia de este tipo de encuentros para generar bienestar entre los colaboradores. \u00abEs un evento de bienvenida para todos nuestros trabajadores, con el esfuerzo de la gerencia y del comit\u00e9 de bienestar. La idea es que todos compartan y se sientan en familia, creando espacios para generar bienestar y fortalecer los lazos dentro del equipo\u00bb, expres\u00f3 Ortiz.<\/p>\n\n\n\n<p>El gerente encargado tambi\u00e9n adelant\u00f3 que este es solo el inicio de una serie de actividades programadas para el mes de diciembre. \u00abAdem\u00e1s de este evento, tenemos previstas otras actividades, entre ellas, las de cierre de a\u00f1o, que buscan romper la rutina y rendir un homenaje especial a quienes, como el personal de urgencias, est\u00e1n al frente de la atenci\u00f3n asistencial, una labor que genera mucha presi\u00f3n\u00bb, coment\u00f3 Ortiz.<\/p>\n\n\n\n<p>Este tipo de iniciativas refuerza el compromiso del Hospital Departamental Tom\u00e1s Uribe Uribe con el bienestar de su personal, promoviendo un ambiente laboral m\u00e1s cercano y humano, en el que se reconoce el esfuerzo y la dedicaci\u00f3n de todos los colaboradores que d\u00eda a d\u00eda brindan atenci\u00f3n a la comunidad.<\/p>\n","protected":false},"excerpt":{"rendered":"<p>La temporada navide\u00f1a en el Hospital Departamental Tom\u00e1s Uribe Uribe comenz\u00f3 con un emotivo evento de bienvenida, realizado en el parqueadero del hospital. El evento, que incluy\u00f3 un compartir para todos los colaboradores, una vibrante papayera y un despliegue de luces artificiales, ilumin\u00f3 la noche y marc\u00f3 el inicio de diciembre, mes que promete estar [&hellip;]<\/p>\n","protected":false},"author":4,"featured_media":27296,"comment_status":"open","ping_status":"open","sticky":false,"template":"","format":"video","meta":{"footnotes":""},"categories":[1],"tags":[],"class_list":["post-27258","post","type-post","status-publish","format-video","has-post-thumbnail","hentry","category-uncategorized","post_format-post-format-video"],"_links":{"self":[{"href":"https:\/\/cnctulua.tv\/index.php?rest_route=\/wp\/v2\/posts\/27258","targetHints":{"allow":["GET"]}}],"collection":[{"href":"https:\/\/cnctulua.tv\/index.php?rest_route=\/wp\/v2\/posts"}],"about":[{"href":"https:\/\/cnctulua.tv\/index.php?rest_route=\/wp\/v2\/types\/post"}],"author":[{"embeddable":true,"href":"https:\/\/cnctulua.tv\/index.php?rest_route=\/wp\/v2\/users\/4"}],"replies":[{"embeddable":true,"href":"https:\/\/cnctulua.tv\/index.php?rest_route=%2Fwp%2Fv2%2Fcomments&post=27258"}],"version-history":[{"count":1,"href":"https:\/\/cnctulua.tv\/index.php?rest_route=\/wp\/v2\/posts\/27258\/revisions"}],"predecessor-version":[{"id":27297,"href":"https:\/\/cnctulua.tv\/index.php?rest_route=\/wp\/v2\/posts\/27258\/revisions\/27297"}],"wp:featuredmedia":[{"embeddable":true,"href":"https:\/\/cnctulua.tv\/index.php?rest_route=\/wp\/v2\/media\/27296"}],"wp:attachment":[{"href":"https:\/\/cnctulua.tv\/index.php?rest_route=%2Fwp%2Fv2%2Fmedia&parent=27258"}],"wp:term":[{"taxonomy":"category","embeddable":true,"href":"https:\/\/cnctulua.tv\/index.php?rest_route=%2Fwp%2Fv2%2Fcategories&post=27258"},{"taxonomy":"post_tag","embeddable":true,"href":"https:\/\/cnctulua.tv\/index.php?rest_route=%2Fwp%2Fv2%2Ftags&post=27258"}],"curies":[{"name":"wp","href":"https:\/\/api.w.org\/{rel}","templated":true}]}}