{"id":27298,"date":"2024-12-03T17:44:55","date_gmt":"2024-12-03T17:44:55","guid":{"rendered":"https:\/\/cnctulua.tv\/?p=27298"},"modified":"2024-12-03T17:44:59","modified_gmt":"2024-12-03T17:44:59","slug":"tulua-refuerza-medidas-de-seguridad-en-el-uso-de-polvora-para-las-festividades-de-fin-de-ano-con-nuevo-decreto","status":"publish","type":"post","link":"https:\/\/cnctulua.tv\/?p=27298","title":{"rendered":"TULU\u00c1 REFUERZA MEDIDAS DE SEGURIDAD EN EL USO DE P\u00d3LVORA PARA LAS FESTIVIDADES DE FIN DE A\u00d1O CON NUEVO DECRETO."},"content":{"rendered":"\n<p><\/p>\n\n\n\n<p>El Secretario de Gobierno de Tulu\u00e1, Jos\u00e9 Mart\u00edn Hincapi\u00e9 \u00c1lvarez, anunci\u00f3 la expedici\u00f3n de un nuevo decreto municipal que refuerza las medidas sobre el uso de p\u00f3lvora, especialmente en lo que respecta a la protecci\u00f3n de menores de edad. El decreto, que ya hab\u00eda sido implementado durante la Alborada entre el 30 de noviembre y el 1 de diciembre, se extiende ahora para el resto de la temporada festiva con el fin de prevenir accidentes y lesiones causadas por el uso indebido de artefactos pirot\u00e9cnicos.<\/p>\n\n\n\n<figure class=\"wp-block-embed is-type-video is-provider-youtube wp-block-embed-youtube wp-embed-aspect-16-9 wp-has-aspect-ratio\"><div class=\"wp-block-embed__wrapper\">\n<iframe loading=\"lazy\" title=\"Nuevo decreto en Tulu\u00e1 restringe el uso de p\u00f3lvora para proteger a menores de edad.\" width=\"640\" height=\"360\" src=\"https:\/\/www.youtube.com\/embed\/tvB1gEpKqGk?feature=oembed\" frameborder=\"0\" allow=\"accelerometer; autoplay; clipboard-write; encrypted-media; gyroscope; picture-in-picture; web-share\" referrerpolicy=\"strict-origin-when-cross-origin\" allowfullscreen><\/iframe>\n<\/div><\/figure>\n\n\n\n<p>El nuevo decreto establece restricciones m\u00e1s estrictas sobre el manejo y uso de p\u00f3lvora en la ciudad, con especial \u00e9nfasis en evitar que los menores de edad sean expuestos a estos productos. Adem\u00e1s, se contempla sanciones para aquellas personas que, bajo el efecto del alcohol, sean sorprendidas utilizando p\u00f3lvora de manera irresponsable.<\/p>\n\n\n\n<p>\u00abQueremos que en Tulu\u00e1 vivamos unas fiestas felices y seguras, pero no a costa de la seguridad de los dem\u00e1s. El uso irresponsable de la p\u00f3lvora puede causar graves da\u00f1os, especialmente a los m\u00e1s j\u00f3venes\u00bb, se\u00f1al\u00f3 Hincapi\u00e9 \u00c1lvarez.<\/p>\n\n\n\n<p>En este sentido, el funcionario hizo un llamado a los padres de familia, recordando que ellos tienen la primera responsabilidad en velar por la seguridad de sus hijos y evitar que estos accedan a productos peligrosos.<\/p>\n\n\n\n<p>Las autoridades municipales reiteraron que las sanciones para el incumplimiento de estas disposiciones ser\u00e1n severas, con el objetivo de garantizar un ambiente seguro durante las festividades.<\/p>\n","protected":false},"excerpt":{"rendered":"<p>El Secretario de Gobierno de Tulu\u00e1, Jos\u00e9 Mart\u00edn Hincapi\u00e9 \u00c1lvarez, anunci\u00f3 la expedici\u00f3n de un nuevo decreto municipal que refuerza las medidas sobre el uso de p\u00f3lvora, especialmente en lo que respecta a la protecci\u00f3n de menores de edad. El decreto, que ya hab\u00eda sido implementado durante la Alborada entre el 30 de noviembre y [&hellip;]<\/p>\n","protected":false},"author":4,"featured_media":27299,"comment_status":"open","ping_status":"open","sticky":false,"template":"","format":"video","meta":{"footnotes":""},"categories":[1],"tags":[],"class_list":["post-27298","post","type-post","status-publish","format-video","has-post-thumbnail","hentry","category-uncategorized","post_format-post-format-video"],"_links":{"self":[{"href":"https:\/\/cnctulua.tv\/index.php?rest_route=\/wp\/v2\/posts\/27298","targetHints":{"allow":["GET"]}}],"collection":[{"href":"https:\/\/cnctulua.tv\/index.php?rest_route=\/wp\/v2\/posts"}],"about":[{"href":"https:\/\/cnctulua.tv\/index.php?rest_route=\/wp\/v2\/types\/post"}],"author":[{"embeddable":true,"href":"https:\/\/cnctulua.tv\/index.php?rest_route=\/wp\/v2\/users\/4"}],"replies":[{"embeddable":true,"href":"https:\/\/cnctulua.tv\/index.php?rest_route=%2Fwp%2Fv2%2Fcomments&post=27298"}],"version-history":[{"count":1,"href":"https:\/\/cnctulua.tv\/index.php?rest_route=\/wp\/v2\/posts\/27298\/revisions"}],"predecessor-version":[{"id":27300,"href":"https:\/\/cnctulua.tv\/index.php?rest_route=\/wp\/v2\/posts\/27298\/revisions\/27300"}],"wp:featuredmedia":[{"embeddable":true,"href":"https:\/\/cnctulua.tv\/index.php?rest_route=\/wp\/v2\/media\/27299"}],"wp:attachment":[{"href":"https:\/\/cnctulua.tv\/index.php?rest_route=%2Fwp%2Fv2%2Fmedia&parent=27298"}],"wp:term":[{"taxonomy":"category","embeddable":true,"href":"https:\/\/cnctulua.tv\/index.php?rest_route=%2Fwp%2Fv2%2Fcategories&post=27298"},{"taxonomy":"post_tag","embeddable":true,"href":"https:\/\/cnctulua.tv\/index.php?rest_route=%2Fwp%2Fv2%2Ftags&post=27298"}],"curies":[{"name":"wp","href":"https:\/\/api.w.org\/{rel}","templated":true}]}}