{"id":27343,"date":"2024-12-04T17:17:46","date_gmt":"2024-12-04T17:17:46","guid":{"rendered":"https:\/\/cnctulua.tv\/?p=27343"},"modified":"2024-12-04T17:34:28","modified_gmt":"2024-12-04T17:34:28","slug":"captura-de-alias-chan-esclarece-homicidio-en-el-corregimiento-de-amaime-palmira","status":"publish","type":"post","link":"https:\/\/cnctulua.tv\/?p=27343","title":{"rendered":"CAPTURA DE ALIAS &#8216;CHAN&#8217; ESCLARECE HOMICIDIO EN EL CORREGIMIENTO DE AMAIME, PALMIRA."},"content":{"rendered":"\n<p>La Polic\u00eda Nacional, en colaboraci\u00f3n con la Fiscal\u00eda General de la Naci\u00f3n, logr\u00f3 la captura de Carlos Balt\u00e1n, alias &#8216;Chan&#8217;, presunto responsable de un homicidio ocurrido en el corregimiento de Amaime, municipio de Palmira, en mayo de 2024. El operativo se llev\u00f3 a cabo en el barrio Molinos de Comfandi, en Palmira, donde tambi\u00e9n fue detenido su hermano Alberto Balt\u00e1n, alias &#8216;Chucho&#8217;.<\/p>\n\n\n\n<p><\/p>\n\n\n\n<figure class=\"wp-block-embed is-type-video is-provider-youtube wp-block-embed-youtube wp-embed-aspect-16-9 wp-has-aspect-ratio\"><div class=\"wp-block-embed__wrapper\">\n<iframe loading=\"lazy\" title=\"Operativo policial esclarece homicidio en Amaime con captura de &#039;Chan&#039;\" width=\"640\" height=\"360\" src=\"https:\/\/www.youtube.com\/embed\/lepUu81Ct-w?feature=oembed\" frameborder=\"0\" allow=\"accelerometer; autoplay; clipboard-write; encrypted-media; gyroscope; picture-in-picture; web-share\" referrerpolicy=\"strict-origin-when-cross-origin\" allowfullscreen><\/iframe>\n<\/div><\/figure>\n\n\n\n<p>Alias &#8216;Chan&#8217;, de 19 a\u00f1os, y su hermano de 30 a\u00f1os, ambos con un largo historial criminal, estaban siendo buscados por los delitos de homicidio agravado, fabricaci\u00f3n, tr\u00e1fico y porte de armas de fuego, y hurto calificado. Los dos detenidos forman parte de una red criminal que opera en varias zonas del municipio de Palmira, donde se les vincula con varios cr\u00edmenes, incluido el asesinato de Alejandro Barreto en mayo de 2024.<\/p>\n\n\n\n<p>Carlos Balt\u00e1n, alias &#8216;Chan&#8217;, es conocido en la regi\u00f3n por su vinculaci\u00f3n con el desarticulado grupo criminal \u00abLos 300\u00bb, y se le atribuye su accionar delictivo en barrios como Hugo Varela, Molinos y Caimitos, as\u00ed como en los corregimientos de Amaime y El Placer. Con la captura de alias &#8216;Chan&#8217;, las autoridades dan un paso importante en la lucha contra la criminalidad en Palmira, al esclarecer uno de los homicidios m\u00e1s recientes que hab\u00eda generado preocupaci\u00f3n en la comunidad.<\/p>\n\n\n\n<p>El Teniente Coronel Edgar Andr\u00e9s Rubio Rojas, comandante del Distrito Especial de Polic\u00eda Palmira, destac\u00f3 que este resultado es el fruto de una estrategia integral enfocada en la seguridad de los ciudadanos y la lucha contra las estructuras criminales que operan en la regi\u00f3n. Tras las audiencias correspondientes, alias &#8216;Chan&#8217; y alias &#8216;Chucho&#8217; fueron puestos a disposici\u00f3n de la justicia para responder por los delitos que se les imputan.<\/p>\n","protected":false},"excerpt":{"rendered":"<p>La Polic\u00eda Nacional, en colaboraci\u00f3n con la Fiscal\u00eda General de la Naci\u00f3n, logr\u00f3 la captura de Carlos Balt\u00e1n, alias &#8216;Chan&#8217;, presunto responsable de un homicidio ocurrido en el corregimiento de Amaime, municipio de Palmira, en mayo de 2024. El operativo se llev\u00f3 a cabo en el barrio Molinos de Comfandi, en Palmira, donde tambi\u00e9n fue [&hellip;]<\/p>\n","protected":false},"author":4,"featured_media":27352,"comment_status":"open","ping_status":"open","sticky":false,"template":"","format":"video","meta":{"footnotes":""},"categories":[1],"tags":[],"class_list":["post-27343","post","type-post","status-publish","format-video","has-post-thumbnail","hentry","category-uncategorized","post_format-post-format-video"],"_links":{"self":[{"href":"https:\/\/cnctulua.tv\/index.php?rest_route=\/wp\/v2\/posts\/27343","targetHints":{"allow":["GET"]}}],"collection":[{"href":"https:\/\/cnctulua.tv\/index.php?rest_route=\/wp\/v2\/posts"}],"about":[{"href":"https:\/\/cnctulua.tv\/index.php?rest_route=\/wp\/v2\/types\/post"}],"author":[{"embeddable":true,"href":"https:\/\/cnctulua.tv\/index.php?rest_route=\/wp\/v2\/users\/4"}],"replies":[{"embeddable":true,"href":"https:\/\/cnctulua.tv\/index.php?rest_route=%2Fwp%2Fv2%2Fcomments&post=27343"}],"version-history":[{"count":2,"href":"https:\/\/cnctulua.tv\/index.php?rest_route=\/wp\/v2\/posts\/27343\/revisions"}],"predecessor-version":[{"id":27365,"href":"https:\/\/cnctulua.tv\/index.php?rest_route=\/wp\/v2\/posts\/27343\/revisions\/27365"}],"wp:featuredmedia":[{"embeddable":true,"href":"https:\/\/cnctulua.tv\/index.php?rest_route=\/wp\/v2\/media\/27352"}],"wp:attachment":[{"href":"https:\/\/cnctulua.tv\/index.php?rest_route=%2Fwp%2Fv2%2Fmedia&parent=27343"}],"wp:term":[{"taxonomy":"category","embeddable":true,"href":"https:\/\/cnctulua.tv\/index.php?rest_route=%2Fwp%2Fv2%2Fcategories&post=27343"},{"taxonomy":"post_tag","embeddable":true,"href":"https:\/\/cnctulua.tv\/index.php?rest_route=%2Fwp%2Fv2%2Ftags&post=27343"}],"curies":[{"name":"wp","href":"https:\/\/api.w.org\/{rel}","templated":true}]}}