{"id":27360,"date":"2024-12-04T18:24:18","date_gmt":"2024-12-04T18:24:18","guid":{"rendered":"https:\/\/cnctulua.tv\/?p=27360"},"modified":"2024-12-04T18:24:21","modified_gmt":"2024-12-04T18:24:21","slug":"damas-de-la-caridad-de-tulua-entregan-mercados-a-50-adultos-mayores-en-su-octava-de-aguinaldo","status":"publish","type":"post","link":"https:\/\/cnctulua.tv\/?p=27360","title":{"rendered":"DAMAS DE LA CARIDAD DE TULU\u00c1: ENTREGAN MERCADOS A 50 ADULTOS MAYORES EN SU OCTAVA DE AGUINALDO."},"content":{"rendered":"\n<p><\/p>\n\n\n\n<p>En una jornada cargada de solidaridad y esp\u00edritu navide\u00f1o, la Asociaci\u00f3n Damas de la Caridad de Tulu\u00e1 celebr\u00f3 este martes 3 de diciembre la tradicional Octava de Aguinaldo, en la que entregaron mercados a 50 adultos mayores de la regi\u00f3n. Esta actividad, que se realiza cada martes, es parte del apoyo constante que la asociaci\u00f3n ofrece a los abuelitos m\u00e1s vulnerables de la ciudad.<\/p>\n\n\n\n<p><\/p>\n\n\n\n<figure class=\"wp-block-embed is-type-video is-provider-youtube wp-block-embed-youtube wp-embed-aspect-16-9 wp-has-aspect-ratio\"><div class=\"wp-block-embed__wrapper\">\n<iframe loading=\"lazy\" title=\"La Asociaci\u00f3n Damas de la Caridad realiza octava de aguinaldo para adultos mayores en Tulu\u00e1.\" width=\"640\" height=\"360\" src=\"https:\/\/www.youtube.com\/embed\/8U846tIqzK4?feature=oembed\" frameborder=\"0\" allow=\"accelerometer; autoplay; clipboard-write; encrypted-media; gyroscope; picture-in-picture; web-share\" referrerpolicy=\"strict-origin-when-cross-origin\" allowfullscreen><\/iframe>\n<\/div><\/figure>\n\n\n\n<p>Con m\u00e1s de 60 a\u00f1os de servicio a la comunidad, la Asociaci\u00f3n Damas de la Caridad se ha destacado por su trabajo en pro de la poblaci\u00f3n adulta mayor. Seg\u00fan Victoria Eugenia Cepeda, presidenta de la entidad, la entrega de mercados es una de las acciones m\u00e1s esperadas por los beneficiarios, quienes, adem\u00e1s de recibir alimentos, tienen la oportunidad de disfrutar de un momento de compa\u00f1\u00eda y apoyo emocional.<\/p>\n\n\n\n<figure class=\"wp-block-image size-large\"><img loading=\"lazy\" decoding=\"async\" width=\"1024\" height=\"578\" src=\"https:\/\/cnctulua.tv\/wp-content\/uploads\/2024\/12\/NOVENAS-DAMAS-DE-LA-CARIDAD5-1024x578.png\" alt=\"\" class=\"wp-image-27382\" srcset=\"https:\/\/cnctulua.tv\/wp-content\/uploads\/2024\/12\/NOVENAS-DAMAS-DE-LA-CARIDAD5-1024x578.png 1024w, https:\/\/cnctulua.tv\/wp-content\/uploads\/2024\/12\/NOVENAS-DAMAS-DE-LA-CARIDAD5-300x169.png 300w, https:\/\/cnctulua.tv\/wp-content\/uploads\/2024\/12\/NOVENAS-DAMAS-DE-LA-CARIDAD5-768x434.png 768w, https:\/\/cnctulua.tv\/wp-content\/uploads\/2024\/12\/NOVENAS-DAMAS-DE-LA-CARIDAD5.png 1041w\" sizes=\"auto, (max-width: 1024px) 100vw, 1024px\" \/><\/figure>\n\n\n\n<p>\u00abEl objetivo principal es integrarlos, porque son nuestros mismos beneficiarios durante todo el a\u00f1o. En diciembre les damos un \u2018cari\u00f1ito\u2019, organizamos rifas, entregamos regalos, y por supuesto, les damos un plato navide\u00f1o. La idea es que se sientan especiales y queridos\u00bb, se\u00f1al\u00f3 Cepeda, destacando la importancia de brindarles no solo apoyo material, sino tambi\u00e9n afectivo.<\/p>\n\n\n\n<figure class=\"wp-block-image size-large\"><img loading=\"lazy\" decoding=\"async\" width=\"1024\" height=\"560\" src=\"https:\/\/cnctulua.tv\/wp-content\/uploads\/2024\/12\/NOVENAS-DAMAS-DE-LA-C-1024x560.png\" alt=\"\" class=\"wp-image-27383\" srcset=\"https:\/\/cnctulua.tv\/wp-content\/uploads\/2024\/12\/NOVENAS-DAMAS-DE-LA-C-1024x560.png 1024w, https:\/\/cnctulua.tv\/wp-content\/uploads\/2024\/12\/NOVENAS-DAMAS-DE-LA-C-300x164.png 300w, https:\/\/cnctulua.tv\/wp-content\/uploads\/2024\/12\/NOVENAS-DAMAS-DE-LA-C-768x420.png 768w, https:\/\/cnctulua.tv\/wp-content\/uploads\/2024\/12\/NOVENAS-DAMAS-DE-LA-C.png 1115w\" sizes=\"auto, (max-width: 1024px) 100vw, 1024px\" \/><\/figure>\n\n\n\n<p>Este 17 de diciembre, la Asociaci\u00f3n tiene planeada una actividad especial: un mercado m\u00e1s grande que ayudar\u00e1 a los adultos mayores a cubrir sus necesidades durante el receso de la organizaci\u00f3n, que se toma unas semanas de descanso por las festividades. Adem\u00e1s, como parte de las celebraciones navide\u00f1as, los abuelos disfrutar\u00e1n de una jornada especial con villancicos, rezos y un almuerzo navide\u00f1o, para reforzar los lazos de amistad y cari\u00f1o.<\/p>\n\n\n\n<p>La presidenta de la Asociaci\u00f3n record\u00f3 que, m\u00e1s all\u00e1 de la ayuda material, es esencial para los adultos mayores sentirse acompa\u00f1ados, especialmente porque muchos de ellos viven solos o no cuentan con el apoyo de sus familiares. \u00abEs importante que los abuelos sientan que no est\u00e1n solos. Nosotros los conocemos, sabemos de sus situaciones econ\u00f3micas y de sus necesidades, por eso, cada martes estamos all\u00ed para darles lo que necesitan\u00bb, a\u00f1adi\u00f3.<\/p>\n\n\n\n<p>Finalmente, el mensaje de la Asociaci\u00f3n Damas de la Caridad es claro: servir con gratitud y aportar para que los adultos mayores tengan una Navidad m\u00e1s alegre, rodeados de amor y de la compa\u00f1\u00eda de quienes desean verlos bien. \u00abNuestro objetivo es que ellos se sientan importantes, queridos y especiales, y que sepan que siempre pueden contar con nosotros\u00bb, concluy\u00f3 Cepeda.<\/p>\n\n\n\n<p>La organizaci\u00f3n continuar\u00e1 con sus actividades para apoyar a esta poblaci\u00f3n vulnerable, reafirmando su compromiso de servir y mejorar la calidad de vida de los adultos mayores en Tulu\u00e1.<\/p>\n","protected":false},"excerpt":{"rendered":"<p>En una jornada cargada de solidaridad y esp\u00edritu navide\u00f1o, la Asociaci\u00f3n Damas de la Caridad de Tulu\u00e1 celebr\u00f3 este martes 3 de diciembre la tradicional Octava de Aguinaldo, en la que entregaron mercados a 50 adultos mayores de la regi\u00f3n. Esta actividad, que se realiza cada martes, es parte del apoyo constante que la asociaci\u00f3n [&hellip;]<\/p>\n","protected":false},"author":4,"featured_media":27381,"comment_status":"open","ping_status":"open","sticky":false,"template":"","format":"video","meta":{"footnotes":""},"categories":[1],"tags":[],"class_list":["post-27360","post","type-post","status-publish","format-video","has-post-thumbnail","hentry","category-uncategorized","post_format-post-format-video"],"_links":{"self":[{"href":"https:\/\/cnctulua.tv\/index.php?rest_route=\/wp\/v2\/posts\/27360","targetHints":{"allow":["GET"]}}],"collection":[{"href":"https:\/\/cnctulua.tv\/index.php?rest_route=\/wp\/v2\/posts"}],"about":[{"href":"https:\/\/cnctulua.tv\/index.php?rest_route=\/wp\/v2\/types\/post"}],"author":[{"embeddable":true,"href":"https:\/\/cnctulua.tv\/index.php?rest_route=\/wp\/v2\/users\/4"}],"replies":[{"embeddable":true,"href":"https:\/\/cnctulua.tv\/index.php?rest_route=%2Fwp%2Fv2%2Fcomments&post=27360"}],"version-history":[{"count":1,"href":"https:\/\/cnctulua.tv\/index.php?rest_route=\/wp\/v2\/posts\/27360\/revisions"}],"predecessor-version":[{"id":27384,"href":"https:\/\/cnctulua.tv\/index.php?rest_route=\/wp\/v2\/posts\/27360\/revisions\/27384"}],"wp:featuredmedia":[{"embeddable":true,"href":"https:\/\/cnctulua.tv\/index.php?rest_route=\/wp\/v2\/media\/27381"}],"wp:attachment":[{"href":"https:\/\/cnctulua.tv\/index.php?rest_route=%2Fwp%2Fv2%2Fmedia&parent=27360"}],"wp:term":[{"taxonomy":"category","embeddable":true,"href":"https:\/\/cnctulua.tv\/index.php?rest_route=%2Fwp%2Fv2%2Fcategories&post=27360"},{"taxonomy":"post_tag","embeddable":true,"href":"https:\/\/cnctulua.tv\/index.php?rest_route=%2Fwp%2Fv2%2Ftags&post=27360"}],"curies":[{"name":"wp","href":"https:\/\/api.w.org\/{rel}","templated":true}]}}