{"id":27393,"date":"2024-12-05T17:16:42","date_gmt":"2024-12-05T17:16:42","guid":{"rendered":"https:\/\/cnctulua.tv\/?p=27393"},"modified":"2024-12-05T17:16:42","modified_gmt":"2024-12-05T17:16:42","slug":"tulua-se-ilumina-el-alumbrado-navideno-y-mapping-una-experiencia-unica-para-los-ciudadanos","status":"publish","type":"post","link":"https:\/\/cnctulua.tv\/?p=27393","title":{"rendered":"TULU\u00c1 SE ILUMINA: EL ALUMBRADO NAVIDE\u00d1O Y MAPPING, UNA EXPERIENCIA \u00daNICA PARA LOS CIUDADANOS."},"content":{"rendered":"\n<p>El municipio de Tulu\u00e1 vivir\u00e1 una temporada navide\u00f1a inolvidable con la inauguraci\u00f3n de su alumbrado y un impactante espect\u00e1culo de video mapping, que se estrenar\u00e1 este 7 de diciembre y estar\u00e1 disponible hasta el 27 del mismo mes. As\u00ed lo confirm\u00f3 el alcalde Gustavo Adolfo V\u00e9lez Rom\u00e1n, quien asegur\u00f3 que este evento busca brindar a los ciudadanos una experiencia familiar \u00fanica en espacios c\u00f3modos y accesibles.<\/p>\n\n\n\n<p><\/p>\n\n\n\n<figure class=\"wp-block-embed is-provider-youtube wp-block-embed-youtube\"><div class=\"wp-block-embed__wrapper\">\n<iframe loading=\"lazy\" title=\"Tulu\u00e1 brilla esta Navidad con un espect\u00e1culo de video mapping y actividades culturales.\" width=\"640\" height=\"360\" src=\"https:\/\/www.youtube.com\/embed\/kWCr4ZPYc08?feature=oembed\" frameborder=\"0\" allow=\"accelerometer; autoplay; clipboard-write; encrypted-media; gyroscope; picture-in-picture; web-share\" referrerpolicy=\"strict-origin-when-cross-origin\" allowfullscreen><\/iframe>\n<\/div><\/figure>\n\n\n\n<p><\/p>\n\n\n\n<p>El espect\u00e1culo contar\u00e1 con ocho presentaciones diarias, ofreciendo a los asistentes una de las experiencias audiovisuales m\u00e1s grandes del pa\u00eds. Adem\u00e1s, el programa navide\u00f1o incluye la realizaci\u00f3n de novenas a partir del 12 de diciembre en el Coliseo de Ferias, donde se distribuir\u00e1n natilla, bu\u00f1uelos y regalos para los ni\u00f1os, junto con actividades culturales y deportivas.<\/p>\n\n\n\n<p>\u201cQueremos que los tulue\u00f1os vivan la magia de la Navidad en familia, disfrutando de este espect\u00e1culo sin precedentes en nuestra ciudad\u201d, coment\u00f3 V\u00e9lez Rom\u00e1n. Con estas iniciativas, Tulu\u00e1 refuerza su compromiso de ofrecer espacios de esparcimiento y fortalecer el sentido de comunidad en la temporada navide\u00f1a.<\/p>\n","protected":false},"excerpt":{"rendered":"<p>El municipio de Tulu\u00e1 vivir\u00e1 una temporada navide\u00f1a inolvidable con la inauguraci\u00f3n de su alumbrado y un impactante espect\u00e1culo de video mapping, que se estrenar\u00e1 este 7 de diciembre y estar\u00e1 disponible hasta el 27 del mismo mes. As\u00ed lo confirm\u00f3 el alcalde Gustavo Adolfo V\u00e9lez Rom\u00e1n, quien asegur\u00f3 que este evento busca brindar a [&hellip;]<\/p>\n","protected":false},"author":4,"featured_media":27419,"comment_status":"open","ping_status":"open","sticky":false,"template":"","format":"video","meta":{"footnotes":""},"categories":[1],"tags":[],"class_list":["post-27393","post","type-post","status-publish","format-video","has-post-thumbnail","hentry","category-uncategorized","post_format-post-format-video"],"_links":{"self":[{"href":"https:\/\/cnctulua.tv\/index.php?rest_route=\/wp\/v2\/posts\/27393","targetHints":{"allow":["GET"]}}],"collection":[{"href":"https:\/\/cnctulua.tv\/index.php?rest_route=\/wp\/v2\/posts"}],"about":[{"href":"https:\/\/cnctulua.tv\/index.php?rest_route=\/wp\/v2\/types\/post"}],"author":[{"embeddable":true,"href":"https:\/\/cnctulua.tv\/index.php?rest_route=\/wp\/v2\/users\/4"}],"replies":[{"embeddable":true,"href":"https:\/\/cnctulua.tv\/index.php?rest_route=%2Fwp%2Fv2%2Fcomments&post=27393"}],"version-history":[{"count":1,"href":"https:\/\/cnctulua.tv\/index.php?rest_route=\/wp\/v2\/posts\/27393\/revisions"}],"predecessor-version":[{"id":27432,"href":"https:\/\/cnctulua.tv\/index.php?rest_route=\/wp\/v2\/posts\/27393\/revisions\/27432"}],"wp:featuredmedia":[{"embeddable":true,"href":"https:\/\/cnctulua.tv\/index.php?rest_route=\/wp\/v2\/media\/27419"}],"wp:attachment":[{"href":"https:\/\/cnctulua.tv\/index.php?rest_route=%2Fwp%2Fv2%2Fmedia&parent=27393"}],"wp:term":[{"taxonomy":"category","embeddable":true,"href":"https:\/\/cnctulua.tv\/index.php?rest_route=%2Fwp%2Fv2%2Fcategories&post=27393"},{"taxonomy":"post_tag","embeddable":true,"href":"https:\/\/cnctulua.tv\/index.php?rest_route=%2Fwp%2Fv2%2Ftags&post=27393"}],"curies":[{"name":"wp","href":"https:\/\/api.w.org\/{rel}","templated":true}]}}