{"id":27399,"date":"2024-12-05T16:50:56","date_gmt":"2024-12-05T16:50:56","guid":{"rendered":"https:\/\/cnctulua.tv\/?p=27399"},"modified":"2024-12-05T16:50:59","modified_gmt":"2024-12-05T16:50:59","slug":"el-valle-del-cauca-cierra-feria-de-la-legalidad-con-jornada-educativa-en-cali","status":"publish","type":"post","link":"https:\/\/cnctulua.tv\/?p=27399","title":{"rendered":"EL VALLE DEL CAUCA CIERRA FERIA DE LA LEGALIDAD CON JORNADA EDUCATIVA EN CALI."},"content":{"rendered":"\n<p><\/p>\n\n\n\n<p>Este viernes 6 de diciembre, la Gobernaci\u00f3n del Valle del Cauca cerrar\u00e1 la octava Feria de la Legalidad con una jornada educativa en la Plazoleta Jairo Varela de Cali. El evento busca orientar a la ciudadan\u00eda sobre c\u00f3mo identificar licores y cigarrillos legales.<\/p>\n\n\n\n<p><\/p>\n\n\n\n<figure class=\"wp-block-embed is-type-video is-provider-youtube wp-block-embed-youtube wp-embed-aspect-16-9 wp-has-aspect-ratio\"><div class=\"wp-block-embed__wrapper\">\n<iframe loading=\"lazy\" title=\"\u00daltima jornada de la Feria de la Legalidad se realizar\u00e1 en Cali.\" width=\"640\" height=\"360\" src=\"https:\/\/www.youtube.com\/embed\/hCMFerw2JxM?feature=oembed\" frameborder=\"0\" allow=\"accelerometer; autoplay; clipboard-write; encrypted-media; gyroscope; picture-in-picture; web-share\" referrerpolicy=\"strict-origin-when-cross-origin\" allowfullscreen><\/iframe>\n<\/div><\/figure>\n\n\n\n<p>En el lugar habr\u00e1 stands de productores y comercializadores legalmente registrados, acompa\u00f1ados por funcionarios de la Secretar\u00eda de Salud, la Polic\u00eda Fiscal y Aduanera, y otras entidades. Los asistentes podr\u00e1n aprender a distinguir productos legales para proteger su salud y aportar correctamente a las rentas del departamento.<\/p>\n\n\n\n<p>Martha Ram\u00edrez, gerente de la Unidad de Rentas, explic\u00f3 que la estampilla del licor debe coincidir con la etiqueta y se\u00f1alar que es para el Valle del Cauca. Esta identificaci\u00f3n asegura la legalidad del producto. Los recursos recaudados mediante la venta de estos productos financian proyectos sociales en salud, educaci\u00f3n y deporte en el departamento.<\/p>\n","protected":false},"excerpt":{"rendered":"<p>Este viernes 6 de diciembre, la Gobernaci\u00f3n del Valle del Cauca cerrar\u00e1 la octava Feria de la Legalidad con una jornada educativa en la Plazoleta Jairo Varela de Cali. El evento busca orientar a la ciudadan\u00eda sobre c\u00f3mo identificar licores y cigarrillos legales. En el lugar habr\u00e1 stands de productores y comercializadores legalmente registrados, acompa\u00f1ados [&hellip;]<\/p>\n","protected":false},"author":4,"featured_media":27413,"comment_status":"open","ping_status":"open","sticky":false,"template":"","format":"video","meta":{"footnotes":""},"categories":[1],"tags":[],"class_list":["post-27399","post","type-post","status-publish","format-video","has-post-thumbnail","hentry","category-uncategorized","post_format-post-format-video"],"_links":{"self":[{"href":"https:\/\/cnctulua.tv\/index.php?rest_route=\/wp\/v2\/posts\/27399","targetHints":{"allow":["GET"]}}],"collection":[{"href":"https:\/\/cnctulua.tv\/index.php?rest_route=\/wp\/v2\/posts"}],"about":[{"href":"https:\/\/cnctulua.tv\/index.php?rest_route=\/wp\/v2\/types\/post"}],"author":[{"embeddable":true,"href":"https:\/\/cnctulua.tv\/index.php?rest_route=\/wp\/v2\/users\/4"}],"replies":[{"embeddable":true,"href":"https:\/\/cnctulua.tv\/index.php?rest_route=%2Fwp%2Fv2%2Fcomments&post=27399"}],"version-history":[{"count":1,"href":"https:\/\/cnctulua.tv\/index.php?rest_route=\/wp\/v2\/posts\/27399\/revisions"}],"predecessor-version":[{"id":27423,"href":"https:\/\/cnctulua.tv\/index.php?rest_route=\/wp\/v2\/posts\/27399\/revisions\/27423"}],"wp:featuredmedia":[{"embeddable":true,"href":"https:\/\/cnctulua.tv\/index.php?rest_route=\/wp\/v2\/media\/27413"}],"wp:attachment":[{"href":"https:\/\/cnctulua.tv\/index.php?rest_route=%2Fwp%2Fv2%2Fmedia&parent=27399"}],"wp:term":[{"taxonomy":"category","embeddable":true,"href":"https:\/\/cnctulua.tv\/index.php?rest_route=%2Fwp%2Fv2%2Fcategories&post=27399"},{"taxonomy":"post_tag","embeddable":true,"href":"https:\/\/cnctulua.tv\/index.php?rest_route=%2Fwp%2Fv2%2Ftags&post=27399"}],"curies":[{"name":"wp","href":"https:\/\/api.w.org\/{rel}","templated":true}]}}