{"id":27427,"date":"2024-12-05T17:52:14","date_gmt":"2024-12-05T17:52:14","guid":{"rendered":"https:\/\/cnctulua.tv\/?p=27427"},"modified":"2024-12-05T17:52:18","modified_gmt":"2024-12-05T17:52:18","slug":"doctor-jairo-victoria-destacado-dermatologo-vallecaucano-recibe-reconocimiento-internacional","status":"publish","type":"post","link":"https:\/\/cnctulua.tv\/?p=27427","title":{"rendered":"DOCTOR JAIRO VICTORIA, DESTACADO DERMAT\u00d3LOGO VALLECAUCANO, RECIBE RECONOCIMIENTO INTERNACIONAL."},"content":{"rendered":"\n<p>El pasado 22 de noviembre, el dermat\u00f3logo Jairo Victoria fue galardonado como Maestro de la Dermatolog\u00eda Ibero-Latinoamericana en el Congreso del Cilan de Cartagena. Este reconocimiento, otorgado por su destacada trayectoria en la investigaci\u00f3n y liderazgo en el campo de la dermatolog\u00eda, posiciona a Colombia como un referente en esta especialidad a nivel mundial.<\/p>\n\n\n\n<p><\/p>\n\n\n\n<figure class=\"wp-block-embed is-type-video is-provider-youtube wp-block-embed-youtube wp-embed-aspect-16-9 wp-has-aspect-ratio\"><div class=\"wp-block-embed__wrapper\">\n<iframe loading=\"lazy\" title=\"Reconocimiento Internacional para el Dermat\u00f3logo Vallecano Jairo Victoria.\" width=\"640\" height=\"360\" src=\"https:\/\/www.youtube.com\/embed\/Ev3qNo6y2rY?feature=oembed\" frameborder=\"0\" allow=\"accelerometer; autoplay; clipboard-write; encrypted-media; gyroscope; picture-in-picture; web-share\" referrerpolicy=\"strict-origin-when-cross-origin\" allowfullscreen><\/iframe>\n<\/div><\/figure>\n\n\n\n<p>El doctor Victoria, quien se desempe\u00f1a en el Hospital Departamental Tom\u00e1s Uribe Uribe de Tulu\u00e1, expres\u00f3 su agradecimiento por este reconocimiento, se\u00f1alando que se trata de un logro no solo personal, sino tambi\u00e9n un homenaje a la dermatolog\u00eda colombiana. Adem\u00e1s, destac\u00f3 que este premio contribuye al prestigio de la instituci\u00f3n que lo ha apoyado durante su carrera profesional.<\/p>\n\n\n\n<p>Este galard\u00f3n tambi\u00e9n subraya el compromiso del hospital con la formaci\u00f3n acad\u00e9mica y la calidad en los servicios de salud. La instituci\u00f3n sigue avanzando con su propuesta de ser declarado hospital universitario, lo que permitir\u00eda la llegada de futuros especialistas que complementen su formaci\u00f3n en el municipio, lo que se convierte en una oportunidad para fortalecer la regi\u00f3n en el campo de la salud.<\/p>\n","protected":false},"excerpt":{"rendered":"<p>El pasado 22 de noviembre, el dermat\u00f3logo Jairo Victoria fue galardonado como Maestro de la Dermatolog\u00eda Ibero-Latinoamericana en el Congreso del Cilan de Cartagena. Este reconocimiento, otorgado por su destacada trayectoria en la investigaci\u00f3n y liderazgo en el campo de la dermatolog\u00eda, posiciona a Colombia como un referente en esta especialidad a nivel mundial. El [&hellip;]<\/p>\n","protected":false},"author":4,"featured_media":27436,"comment_status":"open","ping_status":"open","sticky":false,"template":"","format":"video","meta":{"footnotes":""},"categories":[1],"tags":[],"class_list":["post-27427","post","type-post","status-publish","format-video","has-post-thumbnail","hentry","category-uncategorized","post_format-post-format-video"],"_links":{"self":[{"href":"https:\/\/cnctulua.tv\/index.php?rest_route=\/wp\/v2\/posts\/27427","targetHints":{"allow":["GET"]}}],"collection":[{"href":"https:\/\/cnctulua.tv\/index.php?rest_route=\/wp\/v2\/posts"}],"about":[{"href":"https:\/\/cnctulua.tv\/index.php?rest_route=\/wp\/v2\/types\/post"}],"author":[{"embeddable":true,"href":"https:\/\/cnctulua.tv\/index.php?rest_route=\/wp\/v2\/users\/4"}],"replies":[{"embeddable":true,"href":"https:\/\/cnctulua.tv\/index.php?rest_route=%2Fwp%2Fv2%2Fcomments&post=27427"}],"version-history":[{"count":1,"href":"https:\/\/cnctulua.tv\/index.php?rest_route=\/wp\/v2\/posts\/27427\/revisions"}],"predecessor-version":[{"id":27441,"href":"https:\/\/cnctulua.tv\/index.php?rest_route=\/wp\/v2\/posts\/27427\/revisions\/27441"}],"wp:featuredmedia":[{"embeddable":true,"href":"https:\/\/cnctulua.tv\/index.php?rest_route=\/wp\/v2\/media\/27436"}],"wp:attachment":[{"href":"https:\/\/cnctulua.tv\/index.php?rest_route=%2Fwp%2Fv2%2Fmedia&parent=27427"}],"wp:term":[{"taxonomy":"category","embeddable":true,"href":"https:\/\/cnctulua.tv\/index.php?rest_route=%2Fwp%2Fv2%2Fcategories&post=27427"},{"taxonomy":"post_tag","embeddable":true,"href":"https:\/\/cnctulua.tv\/index.php?rest_route=%2Fwp%2Fv2%2Ftags&post=27427"}],"curies":[{"name":"wp","href":"https:\/\/api.w.org\/{rel}","templated":true}]}}