{"id":27489,"date":"2024-12-06T16:50:30","date_gmt":"2024-12-06T16:50:30","guid":{"rendered":"https:\/\/cnctulua.tv\/?p=27489"},"modified":"2024-12-06T16:50:34","modified_gmt":"2024-12-06T16:50:34","slug":"tulua-abre-comedor-comunitario-sazon-para-ser-felices-para-apoyar-a-la-poblacion-vulnerable","status":"publish","type":"post","link":"https:\/\/cnctulua.tv\/?p=27489","title":{"rendered":"TULU\u00c1 ABRE COMEDOR COMUNITARIO \u201cSAZ\u00d3N PARA SER FELICES\u201d: PARA APOYAR A LA POBLACI\u00d3N VULNERABLE."},"content":{"rendered":"\n<p>La Alcald\u00eda de Tulu\u00e1 ha inaugurado el comedor comunitario \u201cSaz\u00f3n para Ser Felices\u201d, una nueva iniciativa social que busca atender las necesidades alimentarias de las personas en situaci\u00f3n de vulnerabilidad en el municipio. El proyecto ofrecer\u00e1 alimentos gratuitos a aquellos que no cuentan con los recursos suficientes para garantizar su nutrici\u00f3n diaria.<\/p>\n\n\n\n<p><\/p>\n\n\n\n<figure class=\"wp-block-embed is-type-video is-provider-youtube wp-block-embed-youtube wp-embed-aspect-16-9 wp-has-aspect-ratio\"><div class=\"wp-block-embed__wrapper\">\n<iframe loading=\"lazy\" title=\"Comedor Comunitario \u201cSaz\u00f3n para Ser Felices\u201d: Una iniciativa de Bienestar Social en Tulu\u00e1.\" width=\"640\" height=\"360\" src=\"https:\/\/www.youtube.com\/embed\/UfcKcIz7eOg?feature=oembed\" frameborder=\"0\" allow=\"accelerometer; autoplay; clipboard-write; encrypted-media; gyroscope; picture-in-picture; web-share\" referrerpolicy=\"strict-origin-when-cross-origin\" allowfullscreen><\/iframe>\n<\/div><\/figure>\n\n\n\n<p>La apertura de este comedor se enmarca en los esfuerzos de la Administraci\u00f3n Municipal por mejorar las condiciones de vida de los sectores m\u00e1s desfavorecidos. Seg\u00fan las autoridades locales, el comedor ofrecer\u00e1 un men\u00fa balanceado que incluir\u00e1 prote\u00edna, arroz, sopas y ensaladas, con el objetivo de brindar una alimentaci\u00f3n completa a los beneficiarios.<\/p>\n\n\n\n<figure class=\"wp-block-image size-large\"><img loading=\"lazy\" decoding=\"async\" width=\"1024\" height=\"576\" src=\"https:\/\/cnctulua.tv\/wp-content\/uploads\/2024\/12\/WhatsApp-Image-2024-12-05-at-12.17.08-PM-1024x576.jpeg\" alt=\"\" class=\"wp-image-27490\" srcset=\"https:\/\/cnctulua.tv\/wp-content\/uploads\/2024\/12\/WhatsApp-Image-2024-12-05-at-12.17.08-PM-1024x576.jpeg 1024w, https:\/\/cnctulua.tv\/wp-content\/uploads\/2024\/12\/WhatsApp-Image-2024-12-05-at-12.17.08-PM-300x169.jpeg 300w, https:\/\/cnctulua.tv\/wp-content\/uploads\/2024\/12\/WhatsApp-Image-2024-12-05-at-12.17.08-PM-768x432.jpeg 768w, https:\/\/cnctulua.tv\/wp-content\/uploads\/2024\/12\/WhatsApp-Image-2024-12-05-at-12.17.08-PM-1536x864.jpeg 1536w, https:\/\/cnctulua.tv\/wp-content\/uploads\/2024\/12\/WhatsApp-Image-2024-12-05-at-12.17.08-PM.jpeg 1600w\" sizes=\"auto, (max-width: 1024px) 100vw, 1024px\" \/><\/figure>\n\n\n\n<p>Un sondeo realizado entre los habitantes de Tulu\u00e1 revela que la apertura del comedor ha sido bien recibida por la comunidad. La mayor\u00eda de los encuestados valoraron positivamente la medida, destacando su relevancia para las familias que enfrentan dificultades econ\u00f3micas. \u00abEs una ayuda muy importante para las personas que no tienen un ingreso fijo. Es una forma de garantizar que los m\u00e1s vulnerables reciban alimento\u00bb, indic\u00f3 una residente del barrio La Rivera.<\/p>\n\n\n\n<p>Por su parte, otro vecino expres\u00f3 que la medida tambi\u00e9n contribuye a mejorar la dignidad de las personas. \u00abNo es solo dar comida, sino tambi\u00e9n ofrecer apoyo a aquellos que m\u00e1s lo necesitan en tiempos dif\u00edciles\u00bb, coment\u00f3.<\/p>\n\n\n\n<p>El comedor est\u00e1 dirigido a personas en situaci\u00f3n de pobreza extrema, desempleo o discapacidad que les impida trabajar. Las autoridades municipales han establecido un sistema de registro para identificar a los beneficiarios, asegurando que los recursos se destinen a quienes realmente los necesitan. Los interesados deben cumplir con ciertos requisitos establecidos por la Secretar\u00eda de Bienestar Social, encargada de la supervisi\u00f3n y operaci\u00f3n del comedor.<\/p>\n\n\n\n<p>El servicio del comedor comunitario continuar\u00e1 en funcionamiento hasta finales de 2024. Sin embargo, desde la Alcald\u00eda se ha confirmado que el proyecto se mantendr\u00e1 activo durante el pr\u00f3ximo a\u00f1o, con el objetivo de seguir atendiendo a las personas m\u00e1s vulnerables. \u00abQueremos asegurar que el comedor est\u00e9 disponible de manera continua para todos los que necesiten apoyo alimentario\u00bb, se\u00f1alaron los funcionarios encargados.<\/p>\n\n\n\n<p>El comedor \u201cSaz\u00f3n para Ser Felices\u201d se presenta como una respuesta directa a las crecientes necesidades de la comunidad de Tulu\u00e1, contribuyendo a mejorar la calidad de vida de los ciudadanos en situaci\u00f3n de vulnerabilidad y fortaleciendo el tejido social del municipio.<\/p>\n\n\n\n<p><\/p>\n","protected":false},"excerpt":{"rendered":"<p>La Alcald\u00eda de Tulu\u00e1 ha inaugurado el comedor comunitario \u201cSaz\u00f3n para Ser Felices\u201d, una nueva iniciativa social que busca atender las necesidades alimentarias de las personas en situaci\u00f3n de vulnerabilidad en el municipio. El proyecto ofrecer\u00e1 alimentos gratuitos a aquellos que no cuentan con los recursos suficientes para garantizar su nutrici\u00f3n diaria. La apertura de [&hellip;]<\/p>\n","protected":false},"author":4,"featured_media":27488,"comment_status":"open","ping_status":"open","sticky":false,"template":"","format":"video","meta":{"footnotes":""},"categories":[1],"tags":[],"class_list":["post-27489","post","type-post","status-publish","format-video","has-post-thumbnail","hentry","category-uncategorized","post_format-post-format-video"],"_links":{"self":[{"href":"https:\/\/cnctulua.tv\/index.php?rest_route=\/wp\/v2\/posts\/27489","targetHints":{"allow":["GET"]}}],"collection":[{"href":"https:\/\/cnctulua.tv\/index.php?rest_route=\/wp\/v2\/posts"}],"about":[{"href":"https:\/\/cnctulua.tv\/index.php?rest_route=\/wp\/v2\/types\/post"}],"author":[{"embeddable":true,"href":"https:\/\/cnctulua.tv\/index.php?rest_route=\/wp\/v2\/users\/4"}],"replies":[{"embeddable":true,"href":"https:\/\/cnctulua.tv\/index.php?rest_route=%2Fwp%2Fv2%2Fcomments&post=27489"}],"version-history":[{"count":1,"href":"https:\/\/cnctulua.tv\/index.php?rest_route=\/wp\/v2\/posts\/27489\/revisions"}],"predecessor-version":[{"id":27491,"href":"https:\/\/cnctulua.tv\/index.php?rest_route=\/wp\/v2\/posts\/27489\/revisions\/27491"}],"wp:featuredmedia":[{"embeddable":true,"href":"https:\/\/cnctulua.tv\/index.php?rest_route=\/wp\/v2\/media\/27488"}],"wp:attachment":[{"href":"https:\/\/cnctulua.tv\/index.php?rest_route=%2Fwp%2Fv2%2Fmedia&parent=27489"}],"wp:term":[{"taxonomy":"category","embeddable":true,"href":"https:\/\/cnctulua.tv\/index.php?rest_route=%2Fwp%2Fv2%2Fcategories&post=27489"},{"taxonomy":"post_tag","embeddable":true,"href":"https:\/\/cnctulua.tv\/index.php?rest_route=%2Fwp%2Fv2%2Ftags&post=27489"}],"curies":[{"name":"wp","href":"https:\/\/api.w.org\/{rel}","templated":true}]}}