{"id":27524,"date":"2024-12-06T18:58:44","date_gmt":"2024-12-06T18:58:44","guid":{"rendered":"https:\/\/cnctulua.tv\/?p=27524"},"modified":"2024-12-06T18:58:49","modified_gmt":"2024-12-06T18:58:49","slug":"tulua-refuerza-atencion-en-salud-rural-y-promueve-seguridad-alimentaria-y-en-la-temporada-decembrina","status":"publish","type":"post","link":"https:\/\/cnctulua.tv\/?p=27524","title":{"rendered":"TULU\u00c1 REFUERZA ATENCI\u00d3N EN SALUD RURAL Y PROMUEVE SEGURIDAD ALIMENTARIA Y EN LA TEMPORADA DECEMBRINA."},"content":{"rendered":"\n<p>El Secretario de Salud de Tulu\u00e1, Diego S\u00e1nchez, anunci\u00f3 una serie de medidas para fortalecer la atenci\u00f3n en salud en la zona rural del municipio, especialmente en las \u00e1reas de dif\u00edcil acceso. A trav\u00e9s de un nuevo m\u00e9dico rural asignado a los corregimientos de Santa Luc\u00eda y Barrag\u00e1n, la administraci\u00f3n municipal busca resolver una de las principales falencias en la cobertura de salud en la alta monta\u00f1a tulue\u00f1a. Este servicio comenz\u00f3 a ofrecerse hace aproximadamente un mes y medio y ha sido bien recibido por la comunidad.<\/p>\n\n\n\n<p><\/p>\n\n\n\n<figure class=\"wp-block-embed is-type-video is-provider-youtube wp-block-embed-youtube wp-embed-aspect-16-9 wp-has-aspect-ratio\"><div class=\"wp-block-embed__wrapper\">\n<iframe loading=\"lazy\" title=\"Tulu\u00e1 refuerza atenci\u00f3n en salud rural y promueve seguridad alimentaria en diciembre.\" width=\"640\" height=\"360\" src=\"https:\/\/www.youtube.com\/embed\/7oaAA7DtUuw?feature=oembed\" frameborder=\"0\" allow=\"accelerometer; autoplay; clipboard-write; encrypted-media; gyroscope; picture-in-picture; web-share\" referrerpolicy=\"strict-origin-when-cross-origin\" allowfullscreen><\/iframe>\n<\/div><\/figure>\n\n\n\n<p>\u201cEste es un compromiso de nuestro gobierno liderado por el ingeniero Gustavo Adolfo V\u00e9lez Rom\u00e1n para acercar la atenci\u00f3n m\u00e9dica a las zonas rurales. Sabemos que muchos de nuestros habitantes ten\u00edan que recorrer largas distancias para recibir atenci\u00f3n, y con la incorporaci\u00f3n de este m\u00e9dico rural, estamos mejorando el acceso en estos corregimientos\u201d, expres\u00f3 Diego S\u00e1nchez.<\/p>\n\n\n\n<p>En adici\u00f3n a la atenci\u00f3n en la alta monta\u00f1a, la Secretar\u00eda de Salud tambi\u00e9n ha trabajado en la habilitaci\u00f3n de puestos de salud en la zona media rural del municipio. Actualmente, los centros de salud de La Marina y Monte El Oro est\u00e1n en funcionamiento, y se est\u00e1n realizando esfuerzos para abrir nuevos puestos en San Rafael y Puerto Frazadas. El objetivo es que cada vez m\u00e1s tulue\u00f1os de la zona rural puedan recibir atenci\u00f3n m\u00e9dica cercana y de calidad.<\/p>\n\n\n\n<p>\u201cEstamos trabajando en la apertura de m\u00e1s puestos de salud en la medida en que los recursos lo permitan. Queremos que todos los corregimientos tengan acceso a la salud, sin importar la distancia\u201d, se\u00f1al\u00f3 S\u00e1nchez.<\/p>\n","protected":false},"excerpt":{"rendered":"<p>El Secretario de Salud de Tulu\u00e1, Diego S\u00e1nchez, anunci\u00f3 una serie de medidas para fortalecer la atenci\u00f3n en salud en la zona rural del municipio, especialmente en las \u00e1reas de dif\u00edcil acceso. A trav\u00e9s de un nuevo m\u00e9dico rural asignado a los corregimientos de Santa Luc\u00eda y Barrag\u00e1n, la administraci\u00f3n municipal busca resolver una de [&hellip;]<\/p>\n","protected":false},"author":4,"featured_media":27529,"comment_status":"open","ping_status":"open","sticky":false,"template":"","format":"video","meta":{"footnotes":""},"categories":[1],"tags":[],"class_list":["post-27524","post","type-post","status-publish","format-video","has-post-thumbnail","hentry","category-uncategorized","post_format-post-format-video"],"_links":{"self":[{"href":"https:\/\/cnctulua.tv\/index.php?rest_route=\/wp\/v2\/posts\/27524","targetHints":{"allow":["GET"]}}],"collection":[{"href":"https:\/\/cnctulua.tv\/index.php?rest_route=\/wp\/v2\/posts"}],"about":[{"href":"https:\/\/cnctulua.tv\/index.php?rest_route=\/wp\/v2\/types\/post"}],"author":[{"embeddable":true,"href":"https:\/\/cnctulua.tv\/index.php?rest_route=\/wp\/v2\/users\/4"}],"replies":[{"embeddable":true,"href":"https:\/\/cnctulua.tv\/index.php?rest_route=%2Fwp%2Fv2%2Fcomments&post=27524"}],"version-history":[{"count":1,"href":"https:\/\/cnctulua.tv\/index.php?rest_route=\/wp\/v2\/posts\/27524\/revisions"}],"predecessor-version":[{"id":27530,"href":"https:\/\/cnctulua.tv\/index.php?rest_route=\/wp\/v2\/posts\/27524\/revisions\/27530"}],"wp:featuredmedia":[{"embeddable":true,"href":"https:\/\/cnctulua.tv\/index.php?rest_route=\/wp\/v2\/media\/27529"}],"wp:attachment":[{"href":"https:\/\/cnctulua.tv\/index.php?rest_route=%2Fwp%2Fv2%2Fmedia&parent=27524"}],"wp:term":[{"taxonomy":"category","embeddable":true,"href":"https:\/\/cnctulua.tv\/index.php?rest_route=%2Fwp%2Fv2%2Fcategories&post=27524"},{"taxonomy":"post_tag","embeddable":true,"href":"https:\/\/cnctulua.tv\/index.php?rest_route=%2Fwp%2Fv2%2Ftags&post=27524"}],"curies":[{"name":"wp","href":"https:\/\/api.w.org\/{rel}","templated":true}]}}