{"id":27537,"date":"2024-12-09T16:08:54","date_gmt":"2024-12-09T16:08:54","guid":{"rendered":"https:\/\/cnctulua.tv\/?p=27537"},"modified":"2024-12-09T16:08:57","modified_gmt":"2024-12-09T16:08:57","slug":"panorama-regiona","status":"publish","type":"post","link":"https:\/\/cnctulua.tv\/?p=27537","title":{"rendered":"PANORAMA REGIONA."},"content":{"rendered":"\n<p>Una serie de hechos violentos sacudi\u00f3 al Valle del Cauca este fin de semana, dejando consternaci\u00f3n en varias comunidades. Los homicidios, un feminicidio y los accidentes de tr\u00e1nsito fueron los hechos que marcaron la jornada. Esto y m\u00e1s en nuestro panorama regional.<\/p>\n\n\n\n<p><\/p>\n\n\n\n<figure class=\"wp-block-embed is-type-video is-provider-youtube wp-block-embed-youtube wp-embed-aspect-16-9 wp-has-aspect-ratio\"><div class=\"wp-block-embed__wrapper\">\n<iframe loading=\"lazy\" title=\"Panorama Regional CNC Noticias Tulu\u00e1 Emisi\u00f3n de la una de la tarde del del 09 de Diciembre de 2024.\" width=\"640\" height=\"360\" src=\"https:\/\/www.youtube.com\/embed\/InrFNIJNZRY?feature=oembed\" frameborder=\"0\" allow=\"accelerometer; autoplay; clipboard-write; encrypted-media; gyroscope; picture-in-picture; web-share\" referrerpolicy=\"strict-origin-when-cross-origin\" allowfullscreen><\/iframe>\n<\/div><\/figure>\n\n\n\n<p><\/p>\n\n\n\n<p><strong>HOMICIDIO CON ARMA DE FUEGO COBRA LA VIDA DE JORGE LUIS GARC\u00cdA VALENCIA EN PALMIRA.<\/strong><\/p>\n\n\n\n<p><\/p>\n\n\n\n<p>Un homicidio con arma de fuego sacudi\u00f3 la ciudad de Palmira el pasado fin de semana. En el barrio La Libertad, espec\u00edficamente en la carrera 11 con calle 40, un hombre identificado como Jorge Luis Garc\u00eda Valencia, de 35 a\u00f1os, fue alcanzado por varios disparos que le causaron la muerte.<\/p>\n\n\n\n<p>Tras el hecho, el cuerpo de la v\u00edctima fue trasladado al hospital Ra\u00fal Orejuela Bueno, donde el personal del CTI realiz\u00f3 la inspecci\u00f3n t\u00e9cnica al cad\u00e1ver. La investigaci\u00f3n est\u00e1 en curso para determinar los m\u00f3viles del crimen y dar con los responsables.<\/p>\n\n\n\n<hr class=\"wp-block-separator has-alpha-channel-opacity\"\/>\n\n\n\n<p><strong>EN EL MUNICIPIO DE EL CERRITO: DAVID ABRAHAM P\u00c9REZ BASTARDO MUERE TRAS ATAQUE ARMADO EN RI\u00d1A<\/strong>.<\/p>\n\n\n\n<p><\/p>\n\n\n\n<p>El municipio de El Cerrito tambi\u00e9n fue escenario de un asesinato el 7 de diciembre. En la carrera 18 con calle 11, en el barrio Santa B\u00e1rbara, fue hallado el cuerpo sin vida de David Abraham P\u00e9rez Bastardo, de 35 a\u00f1os.<\/p>\n\n\n\n<p>Seg\u00fan las primeras informaciones, P\u00e9rez Bastardo fue v\u00edctima de un ataque con arma de fuego, aparentemente en el marco de una ri\u00f1a. Las autoridades manejan la hip\u00f3tesis de que el crimen podr\u00eda estar relacionado con un conflicto de violencia intrafamiliar. El CTI realiz\u00f3 la inspecci\u00f3n t\u00e9cnica al cad\u00e1ver y la investigaci\u00f3n avanza para esclarecer los detalles del suceso.<\/p>\n\n\n\n<hr class=\"wp-block-separator has-alpha-channel-opacity\"\/>\n\n\n\n<p><strong>LUIS MIGUEL MONTA\u00d1O RIVAS ES ASESINADO A DISPAROS EN EL BARRIO BERL\u00cdN EN EL MUNICIPIO DE PRADERA.<\/strong><\/p>\n\n\n\n<figure class=\"wp-block-image size-full\"><img loading=\"lazy\" decoding=\"async\" width=\"699\" height=\"528\" src=\"https:\/\/cnctulua.tv\/wp-content\/uploads\/2024\/12\/LUIS-MIGUEL-MONTANO-RIVAS-PADRERA.jpg\" alt=\"\" class=\"wp-image-27554\" srcset=\"https:\/\/cnctulua.tv\/wp-content\/uploads\/2024\/12\/LUIS-MIGUEL-MONTANO-RIVAS-PADRERA.jpg 699w, https:\/\/cnctulua.tv\/wp-content\/uploads\/2024\/12\/LUIS-MIGUEL-MONTANO-RIVAS-PADRERA-300x227.jpg 300w\" sizes=\"auto, (max-width: 699px) 100vw, 699px\" \/><\/figure>\n\n\n\n<p>En el municipio de Pradera, otro caso de homicidio con arma de fuego ha sido reportado. El hecho tuvo lugar en la calle 2 con carrera 5, en el barrio Berl\u00edn, donde Luis Miguel Monta\u00f1o Rivas, de 25 a\u00f1os, fue fatalmente herido en la regi\u00f3n temporal izquierda de la cabeza.<\/p>\n\n\n\n<p>El cuerpo fue trasladado al hospital local, donde personal de la SIJIN realiz\u00f3 la inspecci\u00f3n t\u00e9cnica al cad\u00e1ver. A\u00fan se desconocen los motivos del crimen, y las autoridades contin\u00faan investigando tanto los m\u00f3viles como a los posibles responsables.<\/p>\n\n\n\n<hr class=\"wp-block-separator has-alpha-channel-opacity\"\/>\n\n\n\n<p><strong>JOS\u00c9 FERNANDO MILL\u00c1N CRUZ FALLECE POR M\u00daLTIPLES IMPACTOS DE BALA EN GUADALAJARA DE BUGA.<\/strong><\/p>\n\n\n\n<figure class=\"wp-block-image size-full\"><img loading=\"lazy\" decoding=\"async\" width=\"960\" height=\"960\" src=\"https:\/\/cnctulua.tv\/wp-content\/uploads\/2024\/12\/Jose-Fernando-Millan-Cruz.jpg\" alt=\"\" class=\"wp-image-27557\" srcset=\"https:\/\/cnctulua.tv\/wp-content\/uploads\/2024\/12\/Jose-Fernando-Millan-Cruz.jpg 960w, https:\/\/cnctulua.tv\/wp-content\/uploads\/2024\/12\/Jose-Fernando-Millan-Cruz-300x300.jpg 300w, https:\/\/cnctulua.tv\/wp-content\/uploads\/2024\/12\/Jose-Fernando-Millan-Cruz-150x150.jpg 150w, https:\/\/cnctulua.tv\/wp-content\/uploads\/2024\/12\/Jose-Fernando-Millan-Cruz-768x768.jpg 768w\" sizes=\"auto, (max-width: 960px) 100vw, 960px\" \/><\/figure>\n\n\n\n<p>Un nuevo homicidio con arma de fuego se registr\u00f3 en el municipio de Buga, en la calle 18\u00aa con carrera 20, en el barrio La Ventura. La v\u00edctima, Jos\u00e9 Fernando Mill\u00e1n Cruz, de 41 a\u00f1os, fue hallada con m\u00faltiples heridas de bala en diferentes partes de su cuerpo.<\/p>\n\n\n\n<p>Las autoridades del CTI realizaron la inspecci\u00f3n t\u00e9cnica al cad\u00e1ver, mientras que la investigaci\u00f3n avanza para esclarecer los m\u00f3viles del crimen, que hasta el momento se desconocen. Las autoridades mantienen abiertas todas las l\u00edneas de investigaci\u00f3n.<\/p>\n\n\n\n<hr class=\"wp-block-separator has-alpha-channel-opacity\"\/>\n\n\n\n<p><strong>EN DAGUA HOMBRE DE 29 A\u00d1OS JUDICIALIZADO POR AGREDIR F\u00cdSICAMENTE A SU MADRE.<\/strong><\/p>\n\n\n\n<figure class=\"wp-block-image size-large\"><img loading=\"lazy\" decoding=\"async\" width=\"1024\" height=\"967\" src=\"https:\/\/cnctulua.tv\/wp-content\/uploads\/2024\/12\/Dagua-1024x967.jpeg\" alt=\"\" class=\"wp-image-27555\" srcset=\"https:\/\/cnctulua.tv\/wp-content\/uploads\/2024\/12\/Dagua-1024x967.jpeg 1024w, https:\/\/cnctulua.tv\/wp-content\/uploads\/2024\/12\/Dagua-300x283.jpeg 300w, https:\/\/cnctulua.tv\/wp-content\/uploads\/2024\/12\/Dagua-768x725.jpeg 768w, https:\/\/cnctulua.tv\/wp-content\/uploads\/2024\/12\/Dagua.jpeg 1504w\" sizes=\"auto, (max-width: 1024px) 100vw, 1024px\" \/><\/figure>\n\n\n\n<p>La Fiscal\u00eda General de la Naci\u00f3n judicializ\u00f3 a un hombre de 29 a\u00f1os por su presunta responsabilidad en un caso de violencia intrafamiliar ocurrida en Dagua, Valle del Cauca. El hombre fue acusado de agredir f\u00edsica y psicol\u00f3gicamente a su madre, el pasado 2 de diciembre. Seg\u00fan las investigaciones, el imputado amenaz\u00f3, golpe\u00f3 y persigui\u00f3 a la v\u00edctima, quien sufri\u00f3 contusiones en el hombro y el brazo.<\/p>\n\n\n\n<p>En su contra se encuentran pruebas materiales que indicar\u00edan que la conducta violenta fue reiterada. El presunto agresor fue capturado en flagrancia y enfrenta cargos por violencia intrafamiliar agravada. El juez impuso medida de aseguramiento en centro carcelario.<\/p>\n\n\n\n<hr class=\"wp-block-separator has-alpha-channel-opacity\"\/>\n\n\n\n<p><strong>JHOAN STIVEN ZAPATA GAVIRIA ASESINADO A TIROS FRENTE A LA IGLESIA EN EL MUNICIPIO DE OBANDO.<\/strong><\/p>\n\n\n\n<figure class=\"wp-block-image size-large\"><img loading=\"lazy\" decoding=\"async\" width=\"1024\" height=\"941\" src=\"https:\/\/cnctulua.tv\/wp-content\/uploads\/2024\/12\/Obando-PANORAMA-1024x941.jpeg\" alt=\"\" class=\"wp-image-27553\" srcset=\"https:\/\/cnctulua.tv\/wp-content\/uploads\/2024\/12\/Obando-PANORAMA-1024x941.jpeg 1024w, https:\/\/cnctulua.tv\/wp-content\/uploads\/2024\/12\/Obando-PANORAMA-300x276.jpeg 300w, https:\/\/cnctulua.tv\/wp-content\/uploads\/2024\/12\/Obando-PANORAMA-768x705.jpeg 768w, https:\/\/cnctulua.tv\/wp-content\/uploads\/2024\/12\/Obando-PANORAMA.jpeg 1080w\" sizes=\"auto, (max-width: 1024px) 100vw, 1024px\" \/><\/figure>\n\n\n\n<p>En el municipio de Obando, un tr\u00e1gico crimen conmocion\u00f3 a la comunidad. El s\u00e1bado 7 de diciembre, Jhoan Stiven Zapata Gaviria, un joven residente de la localidad, fue asesinado a tiros mientras se movilizaba en su motocicleta.<\/p>\n\n\n\n<p>El ataque ocurri\u00f3 frente a la iglesia cat\u00f3lica, cerca de la alcald\u00eda del municipio. Seg\u00fan testigos, sujetos a bordo de una motocicleta se acercaron y dispararon contra Zapata Gaviria, quien perdi\u00f3 la vida en el lugar. Las autoridades investigan el m\u00f3vil del asesinato, que podr\u00eda estar relacionado con un ajuste de cuentas.<\/p>\n\n\n\n<hr class=\"wp-block-separator has-alpha-channel-opacity\"\/>\n\n\n\n<p><strong>FEMINICIDIO EN EL CORREGIMIENTO DE SAL\u00d3NICA: LUC\u00cdA GUAMANGA ES ASESINADA POR SU EXPAREJA.<\/strong><\/p>\n\n\n\n<p><\/p>\n\n\n\n<p>En el corregimiento de Sal\u00f3nica, en Riofr\u00edo, se registr\u00f3 un caso de feminicidio que ha causado consternaci\u00f3n en la regi\u00f3n. Luc\u00eda Guamanga, de 34 a\u00f1os, fue asesinada en su casa en la madrugada del 7 de diciembre, presuntamente a manos de su expareja sentimental. Testimonios indican que la v\u00edctima hab\u00eda rechazado retomar la relaci\u00f3n con el agresor, lo que habr\u00eda desatado su furia. El asesinato ha generado un fuerte rechazo en la comunidad, y la alcaldesa de Riofr\u00edo, Viviana Mena Zapata, expres\u00f3 su condena a trav\u00e9s de un comunicado, exigiendo justicia por el feminicidio. Este caso suma una nueva v\u00edctima a la alarmante cifra de feminicidios en el Valle del Cauca.<\/p>\n\n\n\n<hr class=\"wp-block-separator has-alpha-channel-opacity\"\/>\n\n\n\n<p><strong>ANDR\u00c9S FELIPE GARZ\u00d3N MUERE EN ACCIDENTE DE TR\u00c1NSITO EN LA V\u00cdA TULU\u00c1-CEYL\u00c1N.<\/strong><\/p>\n\n\n\n<figure class=\"wp-block-image size-large\"><img loading=\"lazy\" decoding=\"async\" width=\"1024\" height=\"1024\" src=\"https:\/\/cnctulua.tv\/wp-content\/uploads\/2024\/12\/CEYLAN-PANORAMA-1024x1024.jpeg\" alt=\"\" class=\"wp-image-27552\" srcset=\"https:\/\/cnctulua.tv\/wp-content\/uploads\/2024\/12\/CEYLAN-PANORAMA-1024x1024.jpeg 1024w, https:\/\/cnctulua.tv\/wp-content\/uploads\/2024\/12\/CEYLAN-PANORAMA-300x300.jpeg 300w, https:\/\/cnctulua.tv\/wp-content\/uploads\/2024\/12\/CEYLAN-PANORAMA-150x150.jpeg 150w, https:\/\/cnctulua.tv\/wp-content\/uploads\/2024\/12\/CEYLAN-PANORAMA-768x768.jpeg 768w, https:\/\/cnctulua.tv\/wp-content\/uploads\/2024\/12\/CEYLAN-PANORAMA.jpeg 1080w\" sizes=\"auto, (max-width: 1024px) 100vw, 1024px\" \/><\/figure>\n\n\n\n<p>El fin de semana tambi\u00e9n dej\u00f3 una tragedia vial en el municipio de Tulu\u00e1. El s\u00e1bado 7 de diciembre, Andr\u00e9s Felipe Garz\u00f3n, un joven de 25 a\u00f1os y reconocido mec\u00e1nico de la regi\u00f3n, perdi\u00f3 la vida en un accidente de tr\u00e1nsito en la v\u00eda que conecta Tulu\u00e1 con el corregimiento de La Marina, cerca del cruce hacia Ceyl\u00e1n. Garz\u00f3n, quien tambi\u00e9n era un apasionado corredor de motos, aparentemente perdi\u00f3 el control de su motocicleta, se sali\u00f3 de la v\u00eda y colision\u00f3 contra un alambrado. A pesar de los esfuerzos por salvarle la vida, fue declarado muerto poco despu\u00e9s en la Cl\u00ednica MariAngel. La comunidad de Tulu\u00e1 lamenta profundamente su partida.<\/p>\n\n\n\n<hr class=\"wp-block-separator has-alpha-channel-opacity\"\/>\n\n\n\n<p><strong>YEISON SINISTERRA PIERDE LA VIDA EN ACCIDENTE DE MOTO EN LA V\u00cdA TRES ESQUINAS.<\/strong><\/p>\n\n\n\n<figure class=\"wp-block-image size-large\"><img loading=\"lazy\" decoding=\"async\" width=\"558\" height=\"1024\" src=\"https:\/\/cnctulua.tv\/wp-content\/uploads\/2024\/12\/Murio-en-la-via-Tulua-Tres-Esquinas-PANORAMA-558x1024.jpeg\" alt=\"\" class=\"wp-image-27551\" srcset=\"https:\/\/cnctulua.tv\/wp-content\/uploads\/2024\/12\/Murio-en-la-via-Tulua-Tres-Esquinas-PANORAMA-558x1024.jpeg 558w, https:\/\/cnctulua.tv\/wp-content\/uploads\/2024\/12\/Murio-en-la-via-Tulua-Tres-Esquinas-PANORAMA-164x300.jpeg 164w, https:\/\/cnctulua.tv\/wp-content\/uploads\/2024\/12\/Murio-en-la-via-Tulua-Tres-Esquinas-PANORAMA.jpeg 655w\" sizes=\"auto, (max-width: 558px) 100vw, 558px\" \/><\/figure>\n\n\n\n<p>En otro tr\u00e1gico accidente de tr\u00e1nsito, Yeison Sinisterra, un joven de 27 a\u00f1os, falleci\u00f3 el 7 de diciembre en un accidente ocurrido en la v\u00eda que conecta Tulu\u00e1 con el corregimiento de Tres Esquinas. El joven se trasladaba en motocicleta cuando perdi\u00f3 el control y se vio involucrado en el siniestro que termin\u00f3 con su vida. Yeison Sinisterra, quien era reconocido por su trabajo en la empresa Colombina y su carisma, deja una profunda tristeza en su familia y amigos. Las autoridades investigan las causas exactas del accidente para esclarecer los detalles del lamentable hecho.<\/p>\n","protected":false},"excerpt":{"rendered":"<p>Una serie de hechos violentos sacudi\u00f3 al Valle del Cauca este fin de semana, dejando consternaci\u00f3n en varias comunidades. Los homicidios, un feminicidio y los accidentes de tr\u00e1nsito fueron los hechos que marcaron la jornada. Esto y m\u00e1s en nuestro panorama regional. HOMICIDIO CON ARMA DE FUEGO COBRA LA VIDA DE JORGE LUIS GARC\u00cdA VALENCIA [&hellip;]<\/p>\n","protected":false},"author":4,"featured_media":27550,"comment_status":"open","ping_status":"open","sticky":false,"template":"","format":"video","meta":{"footnotes":""},"categories":[1],"tags":[],"class_list":["post-27537","post","type-post","status-publish","format-video","has-post-thumbnail","hentry","category-uncategorized","post_format-post-format-video"],"_links":{"self":[{"href":"https:\/\/cnctulua.tv\/index.php?rest_route=\/wp\/v2\/posts\/27537","targetHints":{"allow":["GET"]}}],"collection":[{"href":"https:\/\/cnctulua.tv\/index.php?rest_route=\/wp\/v2\/posts"}],"about":[{"href":"https:\/\/cnctulua.tv\/index.php?rest_route=\/wp\/v2\/types\/post"}],"author":[{"embeddable":true,"href":"https:\/\/cnctulua.tv\/index.php?rest_route=\/wp\/v2\/users\/4"}],"replies":[{"embeddable":true,"href":"https:\/\/cnctulua.tv\/index.php?rest_route=%2Fwp%2Fv2%2Fcomments&post=27537"}],"version-history":[{"count":1,"href":"https:\/\/cnctulua.tv\/index.php?rest_route=\/wp\/v2\/posts\/27537\/revisions"}],"predecessor-version":[{"id":27570,"href":"https:\/\/cnctulua.tv\/index.php?rest_route=\/wp\/v2\/posts\/27537\/revisions\/27570"}],"wp:featuredmedia":[{"embeddable":true,"href":"https:\/\/cnctulua.tv\/index.php?rest_route=\/wp\/v2\/media\/27550"}],"wp:attachment":[{"href":"https:\/\/cnctulua.tv\/index.php?rest_route=%2Fwp%2Fv2%2Fmedia&parent=27537"}],"wp:term":[{"taxonomy":"category","embeddable":true,"href":"https:\/\/cnctulua.tv\/index.php?rest_route=%2Fwp%2Fv2%2Fcategories&post=27537"},{"taxonomy":"post_tag","embeddable":true,"href":"https:\/\/cnctulua.tv\/index.php?rest_route=%2Fwp%2Fv2%2Ftags&post=27537"}],"curies":[{"name":"wp","href":"https:\/\/api.w.org\/{rel}","templated":true}]}}