{"id":27545,"date":"2024-12-09T14:32:25","date_gmt":"2024-12-09T14:32:25","guid":{"rendered":"https:\/\/cnctulua.tv\/?p=27545"},"modified":"2024-12-09T14:32:25","modified_gmt":"2024-12-09T14:32:25","slug":"el-hospital-ruben-cruz-velez-llevara-atencion-medica-y-servicios-institucionales-a-las-zonas-rurales-de-tulua","status":"publish","type":"post","link":"https:\/\/cnctulua.tv\/?p=27545","title":{"rendered":"EL HOSPITAL RUB\u00c9N CRUZ V\u00c9LEZ: LLEVAR\u00c1 ATENCI\u00d3N M\u00c9DICA Y SERVICIOS INSTITUCIONALES A LAS ZONAS RURALES DE TULU\u00c1."},"content":{"rendered":"\n<p>A partir del pr\u00f3ximo lunes 9 de diciembre, el Hospital Rub\u00e9n Cruz V\u00e9lez iniciar\u00e1 una jornada de atenci\u00f3n m\u00e9dica y social en diversos corregimientos y zonas rurales del municipio de Tulu\u00e1. Bajo la direcci\u00f3n del gerente Juli\u00e1n Alberto Vald\u00e9s Mart\u00ednez y con el apoyo de la Alcald\u00eda de Tulu\u00e1, se desplegar\u00e1n equipos de salud que ofrecer\u00e1n atenci\u00f3n integral a m\u00e1s de cinco mil personas de las comunidades m\u00e1s apartadas.<\/p>\n\n\n\n<p><\/p>\n\n\n\n<figure class=\"wp-block-embed is-type-video is-provider-youtube wp-block-embed-youtube wp-embed-aspect-16-9 wp-has-aspect-ratio\"><div class=\"wp-block-embed__wrapper\">\n<iframe loading=\"lazy\" title=\"El Hospital Rub\u00e9n Cruz V\u00e9lez lleg\u00f3 al Corregimeinto de Aguaclara con la APS\" width=\"640\" height=\"360\" src=\"https:\/\/www.youtube.com\/embed\/w_H-BGTUF08?feature=oembed\" frameborder=\"0\" allow=\"accelerometer; autoplay; clipboard-write; encrypted-media; gyroscope; picture-in-picture; web-share\" referrerpolicy=\"strict-origin-when-cross-origin\" allowfullscreen><\/iframe>\n<\/div><\/figure>\n\n\n\n<p>El objetivo de esta jornada, que se extender\u00e1 hasta el 31 de diciembre, es garantizar que los habitantes de zonas rurales como la Marina, El Retiro, Puerto Frazadas, Tochecito, San Lorenzo, Mateguadua, Altaflor, Venus, Piedritas y Santa Luc\u00eda tengan acceso a servicios m\u00e9dicos de calidad. Los equipos de salud realizar\u00e1n visitas casa por casa, brindando consultas m\u00e9dicas, odontol\u00f3gicas, y otros servicios de salud, como vacunaci\u00f3n, tamizaje psicosocial y caracterizaci\u00f3n de hogares.<\/p>\n\n\n\n<p>El gerente del hospital, Juli\u00e1n Alberto Vald\u00e9s, destac\u00f3 la importancia de la jornada, se\u00f1alando que se intervendr\u00e1n cerca de 2,400 hogares, beneficiando a aproximadamente 5cinco mil personas. \u00abNuestro compromiso es llevar la oferta institucional del hospital y la Alcald\u00eda a cada rinc\u00f3n de nuestro municipio, garantizando que nadie se quede sin acceso a atenci\u00f3n m\u00e9dica\u00bb, asegur\u00f3 Vald\u00e9s.<\/p>\n\n\n\n<p>Durante la jornada, los profesionales de salud estar\u00e1n equipados para ofrecer diversos servicios en dos puntos principales de cada corregimiento: el coliseo o centro comunitario local y el puesto de salud. Los equipos estar\u00e1n conformados por m\u00e9dicos, psic\u00f3logos, auxiliares de enfermer\u00eda, odont\u00f3logos y trabajadores sociales, quienes brindar\u00e1n atenci\u00f3n de calidad a cada hogar visitado.<\/p>\n\n\n\n<p>Adem\u00e1s, el Hospital Rub\u00e9n Cruz V\u00e9lez record\u00f3 que los ciudadanos pueden agendar citas m\u00e9dicas y odontol\u00f3gicas a trav\u00e9s de WhatsApp, l\u00ednea telef\u00f3nica, la p\u00e1gina web del hospital o de forma presencial en la sede central y los puestos de salud.<\/p>\n\n\n\n<p>Esta jornada de atenci\u00f3n descentralizada refleja el compromiso de la administraci\u00f3n del Hospital Rub\u00e9n Cruz V\u00e9lez por acercar los servicios de salud a las comunidades m\u00e1s alejadas, garantizando la equidad en el acceso a la atenci\u00f3n m\u00e9dica. Con la colaboraci\u00f3n de la Alcald\u00eda y el esfuerzo del equipo de salud, se busca mejorar la calidad de vida de los tulue\u00f1os y fomentar una cultura de prevenci\u00f3n en salud.<\/p>\n\n\n\n<p>Se invita a los habitantes de los corregimientos y zonas rurales a aprovechar esta oportunidad de atenci\u00f3n m\u00e9dica y social. Para m\u00e1s detalles, se recomienda a la ciudadan\u00eda estar atenta a la visita de los equipos de salud y no dudar en recibir la atenci\u00f3n que se brindar\u00e1 de manera gratuita y accesible.<\/p>\n","protected":false},"excerpt":{"rendered":"<p>A partir del pr\u00f3ximo lunes 9 de diciembre, el Hospital Rub\u00e9n Cruz V\u00e9lez iniciar\u00e1 una jornada de atenci\u00f3n m\u00e9dica y social en diversos corregimientos y zonas rurales del municipio de Tulu\u00e1. Bajo la direcci\u00f3n del gerente Juli\u00e1n Alberto Vald\u00e9s Mart\u00ednez y con el apoyo de la Alcald\u00eda de Tulu\u00e1, se desplegar\u00e1n equipos de salud que [&hellip;]<\/p>\n","protected":false},"author":4,"featured_media":27549,"comment_status":"open","ping_status":"open","sticky":false,"template":"","format":"video","meta":{"footnotes":""},"categories":[1],"tags":[],"class_list":["post-27545","post","type-post","status-publish","format-video","has-post-thumbnail","hentry","category-uncategorized","post_format-post-format-video"],"_links":{"self":[{"href":"https:\/\/cnctulua.tv\/index.php?rest_route=\/wp\/v2\/posts\/27545","targetHints":{"allow":["GET"]}}],"collection":[{"href":"https:\/\/cnctulua.tv\/index.php?rest_route=\/wp\/v2\/posts"}],"about":[{"href":"https:\/\/cnctulua.tv\/index.php?rest_route=\/wp\/v2\/types\/post"}],"author":[{"embeddable":true,"href":"https:\/\/cnctulua.tv\/index.php?rest_route=\/wp\/v2\/users\/4"}],"replies":[{"embeddable":true,"href":"https:\/\/cnctulua.tv\/index.php?rest_route=%2Fwp%2Fv2%2Fcomments&post=27545"}],"version-history":[{"count":0,"href":"https:\/\/cnctulua.tv\/index.php?rest_route=\/wp\/v2\/posts\/27545\/revisions"}],"wp:featuredmedia":[{"embeddable":true,"href":"https:\/\/cnctulua.tv\/index.php?rest_route=\/wp\/v2\/media\/27549"}],"wp:attachment":[{"href":"https:\/\/cnctulua.tv\/index.php?rest_route=%2Fwp%2Fv2%2Fmedia&parent=27545"}],"wp:term":[{"taxonomy":"category","embeddable":true,"href":"https:\/\/cnctulua.tv\/index.php?rest_route=%2Fwp%2Fv2%2Fcategories&post=27545"},{"taxonomy":"post_tag","embeddable":true,"href":"https:\/\/cnctulua.tv\/index.php?rest_route=%2Fwp%2Fv2%2Ftags&post=27545"}],"curies":[{"name":"wp","href":"https:\/\/api.w.org\/{rel}","templated":true}]}}