{"id":27561,"date":"2024-12-09T16:13:46","date_gmt":"2024-12-09T16:13:46","guid":{"rendered":"https:\/\/cnctulua.tv\/?p=27561"},"modified":"2024-12-09T16:13:49","modified_gmt":"2024-12-09T16:13:49","slug":"explosion-en-jamundi-deja-un-muerto-y-varios-heridos-en-puesto-de-control-policial","status":"publish","type":"post","link":"https:\/\/cnctulua.tv\/?p=27561","title":{"rendered":"EXPLOSI\u00d3N EN JAMUND\u00cd DEJA UN MUERTO Y VARIOS HERIDOS EN PUESTO DE CONTROL POLICIAL."},"content":{"rendered":"\n<p><\/p>\n\n\n\n<p>El pasado s\u00e1bado, alrededor de las 8:40 a.m., se registr\u00f3 una explosi\u00f3n en el sector rural conocido como Las Pi\u00f1as, en el municipio de Jamund\u00ed, Valle del Cauca. El artefacto explosivo, que al parecer hab\u00eda sido colocado en una motocicleta, deton\u00f3 en el momento en que un integrante de un grupo armado organizado residual (GAOR) fue interceptado por un puesto de control de la Polic\u00eda Nacional.<\/p>\n\n\n\n<p><\/p>\n\n\n\n<figure class=\"wp-block-embed is-type-video is-provider-youtube wp-block-embed-youtube wp-embed-aspect-16-9 wp-has-aspect-ratio\"><div class=\"wp-block-embed__wrapper\">\n<iframe loading=\"lazy\" title=\"Grupo Armado en Jamund\u00ed: Polic\u00eda y ciudadanos v\u00edctimas de una explosi\u00f3n el pasado s\u00e1bado.\" width=\"640\" height=\"360\" src=\"https:\/\/www.youtube.com\/embed\/bpJ6s653QVs?feature=oembed\" frameborder=\"0\" allow=\"accelerometer; autoplay; clipboard-write; encrypted-media; gyroscope; picture-in-picture; web-share\" referrerpolicy=\"strict-origin-when-cross-origin\" allowfullscreen><\/iframe>\n<\/div><\/figure>\n\n\n\n<p>Seg\u00fan las autoridades, el individuo, que se desplazaba como motociclista, al percatarse de la presencia de los agentes de polic\u00eda, activ\u00f3 el artefacto que llevaba consigo, lo que provoc\u00f3 su muerte instant\u00e1nea en el lugar de los hechos. Adem\u00e1s, la explosi\u00f3n dej\u00f3 un saldo de siete personas heridas, entre ellas siete polic\u00edas, quienes fueron trasladados a hospitales de Cali y Jamund\u00ed para su atenci\u00f3n m\u00e9dica inmediata. Las autoridades confirmaron que las lesiones no revisten gravedad. Tambi\u00e9n resultaron heridos siete civiles, aunque su estado de salud se considera estable.<\/p>\n\n\n\n<figure class=\"wp-block-image size-large\"><img loading=\"lazy\" decoding=\"async\" width=\"1024\" height=\"683\" src=\"https:\/\/cnctulua.tv\/wp-content\/uploads\/2024\/12\/WhatsApp-Image-2024-12-07-at-11.42.56-AM-1024x683.jpeg\" alt=\"\" class=\"wp-image-27563\" srcset=\"https:\/\/cnctulua.tv\/wp-content\/uploads\/2024\/12\/WhatsApp-Image-2024-12-07-at-11.42.56-AM-1024x683.jpeg 1024w, https:\/\/cnctulua.tv\/wp-content\/uploads\/2024\/12\/WhatsApp-Image-2024-12-07-at-11.42.56-AM-300x200.jpeg 300w, https:\/\/cnctulua.tv\/wp-content\/uploads\/2024\/12\/WhatsApp-Image-2024-12-07-at-11.42.56-AM-768x512.jpeg 768w, https:\/\/cnctulua.tv\/wp-content\/uploads\/2024\/12\/WhatsApp-Image-2024-12-07-at-11.42.56-AM-1536x1024.jpeg 1536w, https:\/\/cnctulua.tv\/wp-content\/uploads\/2024\/12\/WhatsApp-Image-2024-12-07-at-11.42.56-AM-2048x1365.jpeg 2048w, https:\/\/cnctulua.tv\/wp-content\/uploads\/2024\/12\/WhatsApp-Image-2024-12-07-at-11.42.56-AM-scaled.jpeg 1920w\" sizes=\"auto, (max-width: 1024px) 100vw, 1024px\" \/><\/figure>\n\n\n\n<p>El incidente ha generado gran preocupaci\u00f3n en la regi\u00f3n, pero tambi\u00e9n ha destacado la r\u00e1pida respuesta de las autoridades locales. Desde la Polic\u00eda Nacional se ha reiterado el compromiso con la seguridad de la comunidad, resaltando que los operativos de control siguen siendo efectivos y que las acciones contra los grupos armados ilegales continuar\u00e1n sin descanso.<\/p>\n\n\n\n<p>Las autoridades han expresado su apoyo a los familiares de las v\u00edctimas y han asegurado que seguir\u00e1n adelante con los esfuerzos para garantizar la tranquilidad y el bienestar de los ciudadanos, enfrentando con firmeza a quienes buscan alterar la paz y la convivencia en la zona.<\/p>\n","protected":false},"excerpt":{"rendered":"<p>El pasado s\u00e1bado, alrededor de las 8:40 a.m., se registr\u00f3 una explosi\u00f3n en el sector rural conocido como Las Pi\u00f1as, en el municipio de Jamund\u00ed, Valle del Cauca. El artefacto explosivo, que al parecer hab\u00eda sido colocado en una motocicleta, deton\u00f3 en el momento en que un integrante de un grupo armado organizado residual (GAOR) [&hellip;]<\/p>\n","protected":false},"author":4,"featured_media":27562,"comment_status":"open","ping_status":"open","sticky":false,"template":"","format":"video","meta":{"footnotes":""},"categories":[1],"tags":[],"class_list":["post-27561","post","type-post","status-publish","format-video","has-post-thumbnail","hentry","category-uncategorized","post_format-post-format-video"],"_links":{"self":[{"href":"https:\/\/cnctulua.tv\/index.php?rest_route=\/wp\/v2\/posts\/27561","targetHints":{"allow":["GET"]}}],"collection":[{"href":"https:\/\/cnctulua.tv\/index.php?rest_route=\/wp\/v2\/posts"}],"about":[{"href":"https:\/\/cnctulua.tv\/index.php?rest_route=\/wp\/v2\/types\/post"}],"author":[{"embeddable":true,"href":"https:\/\/cnctulua.tv\/index.php?rest_route=\/wp\/v2\/users\/4"}],"replies":[{"embeddable":true,"href":"https:\/\/cnctulua.tv\/index.php?rest_route=%2Fwp%2Fv2%2Fcomments&post=27561"}],"version-history":[{"count":1,"href":"https:\/\/cnctulua.tv\/index.php?rest_route=\/wp\/v2\/posts\/27561\/revisions"}],"predecessor-version":[{"id":27572,"href":"https:\/\/cnctulua.tv\/index.php?rest_route=\/wp\/v2\/posts\/27561\/revisions\/27572"}],"wp:featuredmedia":[{"embeddable":true,"href":"https:\/\/cnctulua.tv\/index.php?rest_route=\/wp\/v2\/media\/27562"}],"wp:attachment":[{"href":"https:\/\/cnctulua.tv\/index.php?rest_route=%2Fwp%2Fv2%2Fmedia&parent=27561"}],"wp:term":[{"taxonomy":"category","embeddable":true,"href":"https:\/\/cnctulua.tv\/index.php?rest_route=%2Fwp%2Fv2%2Fcategories&post=27561"},{"taxonomy":"post_tag","embeddable":true,"href":"https:\/\/cnctulua.tv\/index.php?rest_route=%2Fwp%2Fv2%2Ftags&post=27561"}],"curies":[{"name":"wp","href":"https:\/\/api.w.org\/{rel}","templated":true}]}}