{"id":27627,"date":"2024-12-10T15:31:45","date_gmt":"2024-12-10T15:31:45","guid":{"rendered":"https:\/\/cnctulua.tv\/?p=27627"},"modified":"2024-12-10T16:12:43","modified_gmt":"2024-12-10T16:12:43","slug":"la-policia-nacional-captura-a-alias-tata-un-golpe-certero-a-las-estructuras-del-eln-en-el-valle-del-cauca","status":"publish","type":"post","link":"https:\/\/cnctulua.tv\/?p=27627","title":{"rendered":"LA POLIC\u00cdA NACIONAL CAPTURA A ALIAS &#8216;TATA&#8217;: UN GOLPE CERTERO A LAS ESTRUCTURAS DEL ELN EN EL VALLE DEL CAUCA."},"content":{"rendered":"\n<p><\/p>\n\n\n\n<p>En un golpe a la delincuencia organizada, la Polic\u00eda Nacional captur\u00f3 a Cristian Ocampo, conocido en el mundo criminal como alias &#8216;Tata&#8217;, quien ser\u00eda el cabecilla de la Red de Apoyo al Terrorismo del grupo armado organizado ELN. La captura se llev\u00f3 a cabo el 3 de diciembre en la ciudad de Cali, como parte de una operaci\u00f3n conjunta que involucr\u00f3 a la Seccional de Investigaci\u00f3n Criminal SIJIN, personal de Inteligencia y el apoyo de la Fiscal\u00eda General de la Naci\u00f3n.<\/p>\n\n\n\n<p><\/p>\n\n\n\n<p><\/p>\n\n\n\n<figure class=\"wp-block-embed is-type-video is-provider-youtube wp-block-embed-youtube wp-embed-aspect-16-9 wp-has-aspect-ratio\"><div class=\"wp-block-embed__wrapper\">\n<iframe loading=\"lazy\" title=\"En operativo policial en Cali fue capturado alias \u2018Tata\u2019, cabecilla del ELN.\" width=\"640\" height=\"360\" src=\"https:\/\/www.youtube.com\/embed\/EhYz6L0krIc?feature=oembed\" frameborder=\"0\" allow=\"accelerometer; autoplay; clipboard-write; encrypted-media; gyroscope; picture-in-picture; web-share\" referrerpolicy=\"strict-origin-when-cross-origin\" allowfullscreen><\/iframe>\n<\/div><\/figure>\n\n\n\n<p><\/p>\n\n\n\n<p>La acci\u00f3n fue ejecutada bajo el marco de la estrategia Plan Navidad \u2018Familias Felices\u2019 y el Nuevo Modelo de Servicio de Polic\u00eda, en la cual se prioriza la seguridad de las comunidades m\u00e1s vulnerables. Gracias a un trabajo de inteligencia, se logr\u00f3 ubicar a alias \u2018Tata\u2019 en un hogar geri\u00e1trico en la capital Vallecaucana, lugar en el que se encontraba refugiado tras haber resultado herido en un enfrentamiento con miembros de su propio grupo armado en agosto de 2023.<\/p>\n\n\n\n<p>Alias \u2018Tata\u2019 era se\u00f1alado de liderar la Red de Apoyo al Terrorismo del GAO ELN, y de ser responsable de las actividades de reclutamiento de j\u00f3venes campesinos en las zonas rurales del Valle del Cauca, con el fin de capacitarlos en el uso de armas y explosivos. Las autoridades indicaron que su objetivo era fortalecer el componente armado del ELN, una de las principales estructuras criminales del pa\u00eds.<\/p>\n\n\n\n<p>Seg\u00fan el comandante del Departamento de Polic\u00eda Valle, coronel Giovanni Cristancho, alias \u2018Tata\u2019 llevaba una trayectoria criminal de m\u00e1s de ocho a\u00f1os, involucr\u00e1ndose inicialmente en actividades delictivas como homicidios y narcotr\u00e1fico en la zona del \u00abCa\u00f1\u00f3n de las Garrapatas\u00bb. A principios de 2023, se vincul\u00f3 al Clan del Golfo, para luego unirse al GAO ELN, donde asumi\u00f3 el liderazgo de las actividades urbanas y semi-rurales, lo que lo convirti\u00f3 en uno de los principales actores en la disputa por el control territorial en la regi\u00f3n.<\/p>\n\n\n\n<p>La captura de alias \u2018Tata\u2019 se considera un golpe certero contra las estructuras del ELN, que vienen generando temor y zozobra en los municipios de Trujillo, R\u00edofr\u00edo y Bol\u00edvar. Las autoridades informaron que el detenido estar\u00eda relacionado con m\u00e1s de 10 homicidios ocurridos en lo que va del 2024, entre ellos el asesinato de Carlos Quintana en febrero de este a\u00f1o.<\/p>\n\n\n\n<p>Alias \u2018Tata\u2019 fue trasladado a disposici\u00f3n de la Fiscal\u00eda General de la Naci\u00f3n, donde enfrentar\u00e1 cargos por homicidio agravado, fabricaci\u00f3n, tr\u00e1fico, porte o tenencia de armas de fuego. Con esta captura, las autoridades dan un paso importante en la desarticulaci\u00f3n de los grupos armados ilegales que operan en el departamento, contribuyendo a la mejora de la seguridad en las comunidades rurales del Valle del Cauca.<\/p>\n","protected":false},"excerpt":{"rendered":"<p>En un golpe a la delincuencia organizada, la Polic\u00eda Nacional captur\u00f3 a Cristian Ocampo, conocido en el mundo criminal como alias &#8216;Tata&#8217;, quien ser\u00eda el cabecilla de la Red de Apoyo al Terrorismo del grupo armado organizado ELN. La captura se llev\u00f3 a cabo el 3 de diciembre en la ciudad de Cali, como parte [&hellip;]<\/p>\n","protected":false},"author":4,"featured_media":27639,"comment_status":"open","ping_status":"open","sticky":false,"template":"","format":"video","meta":{"footnotes":""},"categories":[1],"tags":[],"class_list":["post-27627","post","type-post","status-publish","format-video","has-post-thumbnail","hentry","category-uncategorized","post_format-post-format-video"],"_links":{"self":[{"href":"https:\/\/cnctulua.tv\/index.php?rest_route=\/wp\/v2\/posts\/27627","targetHints":{"allow":["GET"]}}],"collection":[{"href":"https:\/\/cnctulua.tv\/index.php?rest_route=\/wp\/v2\/posts"}],"about":[{"href":"https:\/\/cnctulua.tv\/index.php?rest_route=\/wp\/v2\/types\/post"}],"author":[{"embeddable":true,"href":"https:\/\/cnctulua.tv\/index.php?rest_route=\/wp\/v2\/users\/4"}],"replies":[{"embeddable":true,"href":"https:\/\/cnctulua.tv\/index.php?rest_route=%2Fwp%2Fv2%2Fcomments&post=27627"}],"version-history":[{"count":1,"href":"https:\/\/cnctulua.tv\/index.php?rest_route=\/wp\/v2\/posts\/27627\/revisions"}],"predecessor-version":[{"id":27647,"href":"https:\/\/cnctulua.tv\/index.php?rest_route=\/wp\/v2\/posts\/27627\/revisions\/27647"}],"wp:featuredmedia":[{"embeddable":true,"href":"https:\/\/cnctulua.tv\/index.php?rest_route=\/wp\/v2\/media\/27639"}],"wp:attachment":[{"href":"https:\/\/cnctulua.tv\/index.php?rest_route=%2Fwp%2Fv2%2Fmedia&parent=27627"}],"wp:term":[{"taxonomy":"category","embeddable":true,"href":"https:\/\/cnctulua.tv\/index.php?rest_route=%2Fwp%2Fv2%2Fcategories&post=27627"},{"taxonomy":"post_tag","embeddable":true,"href":"https:\/\/cnctulua.tv\/index.php?rest_route=%2Fwp%2Fv2%2Ftags&post=27627"}],"curies":[{"name":"wp","href":"https:\/\/api.w.org\/{rel}","templated":true}]}}