{"id":27634,"date":"2024-12-10T15:45:36","date_gmt":"2024-12-10T15:45:36","guid":{"rendered":"https:\/\/cnctulua.tv\/?p=27634"},"modified":"2024-12-10T15:45:39","modified_gmt":"2024-12-10T15:45:39","slug":"panorama-regional-26","status":"publish","type":"post","link":"https:\/\/cnctulua.tv\/?p=27634","title":{"rendered":"PANORAMA REGIONAL"},"content":{"rendered":"\n<p>En un operativo reciente, ocho personas fueron judicializadas por su presunta participaci\u00f3n en una red de extorsi\u00f3n que afectaba a comerciantes de Tulu\u00e1. Por otro lado, en La Cumbre, dos hombres fueron condenados por el feminicidio de dos hermanas, un caso que conmovi\u00f3 a la regi\u00f3n. Esto y m\u00e1s en nuestro panorama regional.<\/p>\n\n\n\n<p><\/p>\n\n\n\n<figure class=\"wp-block-embed is-type-video is-provider-youtube wp-block-embed-youtube wp-embed-aspect-16-9 wp-has-aspect-ratio\"><div class=\"wp-block-embed__wrapper\">\n<iframe loading=\"lazy\" title=\"Panorama Regional CNC Noticias Tulu\u00e1 Emisi\u00f3n de la una de la tarde del del 10 de Diciembre de 2024.\" width=\"640\" height=\"360\" src=\"https:\/\/www.youtube.com\/embed\/Clr1ixoq80c?feature=oembed\" frameborder=\"0\" allow=\"accelerometer; autoplay; clipboard-write; encrypted-media; gyroscope; picture-in-picture; web-share\" referrerpolicy=\"strict-origin-when-cross-origin\" allowfullscreen><\/iframe>\n<\/div><\/figure>\n\n\n\n<p><\/p>\n\n\n\n<p><strong>JUDICIALIZADAS OCHO PERSONAS EN TULU\u00c1 POR EXTORSI\u00d3N A COMERCIANTES.<\/strong><\/p>\n\n\n\n<figure class=\"wp-block-image size-large\"><img loading=\"lazy\" decoding=\"async\" width=\"1024\" height=\"576\" src=\"https:\/\/cnctulua.tv\/wp-content\/uploads\/2024\/12\/JUDICIALIZADA-8-PANORAMA-1-1024x576.jpeg\" alt=\"\" class=\"wp-image-27637\" srcset=\"https:\/\/cnctulua.tv\/wp-content\/uploads\/2024\/12\/JUDICIALIZADA-8-PANORAMA-1-1024x576.jpeg 1024w, https:\/\/cnctulua.tv\/wp-content\/uploads\/2024\/12\/JUDICIALIZADA-8-PANORAMA-1-300x169.jpeg 300w, https:\/\/cnctulua.tv\/wp-content\/uploads\/2024\/12\/JUDICIALIZADA-8-PANORAMA-1-768x432.jpeg 768w, https:\/\/cnctulua.tv\/wp-content\/uploads\/2024\/12\/JUDICIALIZADA-8-PANORAMA-1-1536x864.jpeg 1536w, https:\/\/cnctulua.tv\/wp-content\/uploads\/2024\/12\/JUDICIALIZADA-8-PANORAMA-1.jpeg 1600w\" sizes=\"auto, (max-width: 1024px) 100vw, 1024px\" \/><\/figure>\n\n\n\n<p>La Fiscal\u00eda General de la Naci\u00f3n ha logrado la judicializaci\u00f3n de ocho presuntos responsables de extorsionar a comerciantes de una plaza de mercado en Tulu\u00e1, Valle del Cauca. Los imputados son Kevin Andr\u00e9s Arboleda, Juan Guillermo Mart\u00ednez Vargas, Jeferson Stiven Acosta Buritic\u00e1, Juan Camilo Caicedo Qui\u00f1\u00f3nez, Valentina Grueso Trivi\u00f1o, Andr\u00e9s Mauricio Garc\u00eda \u00c1lvarez, Francisco Javier Qui\u00f1ones y Leidy Julieth N\u00fa\u00f1ez Mar\u00edn, quienes enfrentan cargos por extorsi\u00f3n agravada.<\/p>\n\n\n\n<p>El material probatorio recopilado por la Fiscal\u00eda revela que estos individuos habr\u00edan utilizado cuentas bancarias a su nombre para recibir los pagos por las extorsiones a m\u00e1s de 30 comerciantes. Las intimidaciones se realizaban a trav\u00e9s de videollamadas y mensajes de texto, supuestamente en nombre del grupo criminal denominado \u00abLa Inmaculada\u00bb. Las exigencias de dinero variaban entre los 80 mil y los 2 millones de pesos.<\/p>\n\n\n\n<p>Los capturados fueron detenidos en operativos de allanamiento, durante los cuales se incautaron tel\u00e9fonos m\u00f3viles y un arma traum\u00e1tica. Aunque los procesados no aceptaron cargos, un juez de control de garant\u00edas les impuso medida de aseguramiento en su lugar de residencia.<\/p>\n\n\n\n<p><\/p>\n\n\n\n<p><\/p>\n\n\n\n<p><strong>CONDENADOS A 44 A\u00d1OS POR FEMINICIDIO DE HERMANAS EN LA CUMBRE.<\/strong><\/p>\n\n\n\n<figure class=\"wp-block-image size-large\"><img loading=\"lazy\" decoding=\"async\" width=\"1024\" height=\"762\" src=\"https:\/\/cnctulua.tv\/wp-content\/uploads\/2024\/12\/FEMINICIDIO-HERMANAS-PANORAMA-1024x762.jpeg\" alt=\"\" class=\"wp-image-27636\" srcset=\"https:\/\/cnctulua.tv\/wp-content\/uploads\/2024\/12\/FEMINICIDIO-HERMANAS-PANORAMA-1024x762.jpeg 1024w, https:\/\/cnctulua.tv\/wp-content\/uploads\/2024\/12\/FEMINICIDIO-HERMANAS-PANORAMA-300x223.jpeg 300w, https:\/\/cnctulua.tv\/wp-content\/uploads\/2024\/12\/FEMINICIDIO-HERMANAS-PANORAMA-768x572.jpeg 768w, https:\/\/cnctulua.tv\/wp-content\/uploads\/2024\/12\/FEMINICIDIO-HERMANAS-PANORAMA-1536x1143.jpeg 1536w, https:\/\/cnctulua.tv\/wp-content\/uploads\/2024\/12\/FEMINICIDIO-HERMANAS-PANORAMA.jpeg 1600w\" sizes=\"auto, (max-width: 1024px) 100vw, 1024px\" \/><\/figure>\n\n\n\n<p><\/p>\n\n\n\n<p>Julio C\u00e9sar Mosquera Cer\u00f3n y V\u00edctor Alfonso V\u00e9lez Casta\u00f1o fueron condenados a 44 a\u00f1os y siete meses de prisi\u00f3n por el asesinato de dos hermanas, de 14 y 21 a\u00f1os, ocurrido el 18 de septiembre de 2020 en La Cumbre, Valle del Cauca. La Fiscal\u00eda logr\u00f3 demostrar que V\u00e9lez Casta\u00f1o cortejaba a la mayor de las v\u00edctimas y, aprovechando su indefensi\u00f3n, las entreg\u00f3 a su padrastro, quien las golpe\u00f3 y dispar\u00f3 en m\u00faltiples ocasiones hasta causarles la muerte. Los cuerpos fueron abandonados en una v\u00eda p\u00fablica.<\/p>\n\n\n\n<p>El ataque fue sorpresivo, sin oportunidad de defensa para las v\u00edctimas. Mosquera Cer\u00f3n y V\u00e9lez Casta\u00f1o, de 49 y 39 a\u00f1os respectivamente, cumplir\u00e1n la condena en prisi\u00f3n, sin beneficios, tras haber sido capturados en octubre de 2020 y procesados por feminicidio agravado y porte ilegal de armas.<\/p>\n\n\n\n<p><\/p>\n\n\n\n<p><\/p>\n\n\n\n<p><\/p>\n\n\n\n<p><strong>INCENDIO EN LA V\u00cdA ENTRE LA PAILA Y LA TEBAIDA TRAS ACCIDENTE.<\/strong><\/p>\n\n\n\n<figure class=\"wp-block-image size-full is-resized\"><img loading=\"lazy\" decoding=\"async\" width=\"301\" height=\"488\" src=\"https:\/\/cnctulua.tv\/wp-content\/uploads\/2024\/12\/INCENDIO-PANORAMA.png\" alt=\"\" class=\"wp-image-27635\" style=\"width:619px;height:auto\" srcset=\"https:\/\/cnctulua.tv\/wp-content\/uploads\/2024\/12\/INCENDIO-PANORAMA.png 301w, https:\/\/cnctulua.tv\/wp-content\/uploads\/2024\/12\/INCENDIO-PANORAMA-185x300.png 185w\" sizes=\"auto, (max-width: 301px) 100vw, 301px\" \/><\/figure>\n\n\n\n<p>Un accidente entre un tractocami\u00f3n y un cami\u00f3n caus\u00f3 un incendio en la v\u00eda entre La Paila, Valle del Cauca y La Tebaida, Quind\u00edo la noche del 9 de diciembre, espec\u00edficamente en el sector Vallejuelo, antes del peaje de Corozal. El siniestro, que ocurri\u00f3 alrededor de las 9:30 p.m., gener\u00f3 una fuerte congesti\u00f3n vial en la zona.<\/p>\n\n\n\n<p>Afortunadamente, los conductores de los veh\u00edculos involucrados no sufrieron heridas graves. La carretera permanece cerrada mientras las autoridades trabajan para habilitar un carril, y se recomienda a los conductores optar por rutas alternas debido a la significativa congesti\u00f3n en el sector.<\/p>\n","protected":false},"excerpt":{"rendered":"<p>En un operativo reciente, ocho personas fueron judicializadas por su presunta participaci\u00f3n en una red de extorsi\u00f3n que afectaba a comerciantes de Tulu\u00e1. Por otro lado, en La Cumbre, dos hombres fueron condenados por el feminicidio de dos hermanas, un caso que conmovi\u00f3 a la regi\u00f3n. Esto y m\u00e1s en nuestro panorama regional. JUDICIALIZADAS OCHO [&hellip;]<\/p>\n","protected":false},"author":4,"featured_media":27638,"comment_status":"open","ping_status":"open","sticky":false,"template":"","format":"video","meta":{"footnotes":""},"categories":[1],"tags":[],"class_list":["post-27634","post","type-post","status-publish","format-video","has-post-thumbnail","hentry","category-uncategorized","post_format-post-format-video"],"_links":{"self":[{"href":"https:\/\/cnctulua.tv\/index.php?rest_route=\/wp\/v2\/posts\/27634","targetHints":{"allow":["GET"]}}],"collection":[{"href":"https:\/\/cnctulua.tv\/index.php?rest_route=\/wp\/v2\/posts"}],"about":[{"href":"https:\/\/cnctulua.tv\/index.php?rest_route=\/wp\/v2\/types\/post"}],"author":[{"embeddable":true,"href":"https:\/\/cnctulua.tv\/index.php?rest_route=\/wp\/v2\/users\/4"}],"replies":[{"embeddable":true,"href":"https:\/\/cnctulua.tv\/index.php?rest_route=%2Fwp%2Fv2%2Fcomments&post=27634"}],"version-history":[{"count":1,"href":"https:\/\/cnctulua.tv\/index.php?rest_route=\/wp\/v2\/posts\/27634\/revisions"}],"predecessor-version":[{"id":27648,"href":"https:\/\/cnctulua.tv\/index.php?rest_route=\/wp\/v2\/posts\/27634\/revisions\/27648"}],"wp:featuredmedia":[{"embeddable":true,"href":"https:\/\/cnctulua.tv\/index.php?rest_route=\/wp\/v2\/media\/27638"}],"wp:attachment":[{"href":"https:\/\/cnctulua.tv\/index.php?rest_route=%2Fwp%2Fv2%2Fmedia&parent=27634"}],"wp:term":[{"taxonomy":"category","embeddable":true,"href":"https:\/\/cnctulua.tv\/index.php?rest_route=%2Fwp%2Fv2%2Fcategories&post=27634"},{"taxonomy":"post_tag","embeddable":true,"href":"https:\/\/cnctulua.tv\/index.php?rest_route=%2Fwp%2Fv2%2Ftags&post=27634"}],"curies":[{"name":"wp","href":"https:\/\/api.w.org\/{rel}","templated":true}]}}