{"id":27645,"date":"2024-12-10T17:05:39","date_gmt":"2024-12-10T17:05:39","guid":{"rendered":"https:\/\/cnctulua.tv\/?p=27645"},"modified":"2024-12-10T19:32:35","modified_gmt":"2024-12-10T19:32:35","slug":"hospital-departamental-tomas-uribe-uribe-celebra-la-novena-de-navidad-con-ninos-y-colaboradores","status":"publish","type":"post","link":"https:\/\/cnctulua.tv\/?p=27645","title":{"rendered":"HOSPITAL DEPARTAMENTAL TOM\u00c1S URIBE URIBE: CELEBRA LA NOVENA DE NAVIDAD CON NI\u00d1OS Y COLABORADORES."},"content":{"rendered":"\n<p>El Hospital Departamental Tom\u00e1s Uribe Uribe celebr\u00f3 con gran entusiasmo el inicio de la tradicional novena de Navidad, un evento lleno de alegr\u00eda y emoci\u00f3n para los ni\u00f1os, colaboradores y pacientes de la instituci\u00f3n. El Subgerente Cient\u00edfico del hospital, C\u00e9sar Augusto Rodr\u00edguez, expres\u00f3 su felicidad al dar inicio a esta especial actividad, destacando la uni\u00f3n y el amor que caracterizan la celebraci\u00f3n.<\/p>\n\n\n\n<p><\/p>\n\n\n\n<figure class=\"wp-block-embed is-type-video is-provider-youtube wp-block-embed-youtube wp-embed-aspect-16-9 wp-has-aspect-ratio\"><div class=\"wp-block-embed__wrapper\">\n<iframe loading=\"lazy\" title=\"En el Hospital Departamental Tom\u00e1s Uribe Uribe se dio inicio a las novenas navide\u00f1as.\" width=\"640\" height=\"360\" src=\"https:\/\/www.youtube.com\/embed\/Pp_fE7Sh0Ek?feature=oembed\" frameborder=\"0\" allow=\"accelerometer; autoplay; clipboard-write; encrypted-media; gyroscope; picture-in-picture; web-share\" referrerpolicy=\"strict-origin-when-cross-origin\" allowfullscreen><\/iframe>\n<\/div><\/figure>\n\n\n\n<p>\u00abMuy contentos hoy en nuestro primer d\u00eda de Navidad, con gran alegr\u00eda, con gran amor. Hemos compartido esta novena de Navidad con nuestros ni\u00f1os, muchos de ellos hijos de colaboradores, otros hijos de pacientes. Inclusive tambi\u00e9n bajamos los ni\u00f1os del servicio de pediatr\u00eda para que nos acompa\u00f1aran y todos juntos rez\u00e1ramos esta novena de Navidad\u00bb coment\u00f3 Rodr\u00edguez, quien tambi\u00e9n subray\u00f3 la participaci\u00f3n de todos los presentes.<\/p>\n\n\n\n<figure class=\"wp-block-image size-large\"><img loading=\"lazy\" decoding=\"async\" width=\"1024\" height=\"575\" src=\"https:\/\/cnctulua.tv\/wp-content\/uploads\/2024\/12\/H-NOVENA-1024x575.jpg\" alt=\"\" class=\"wp-image-27689\" srcset=\"https:\/\/cnctulua.tv\/wp-content\/uploads\/2024\/12\/H-NOVENA-1024x575.jpg 1024w, https:\/\/cnctulua.tv\/wp-content\/uploads\/2024\/12\/H-NOVENA-300x168.jpg 300w, https:\/\/cnctulua.tv\/wp-content\/uploads\/2024\/12\/H-NOVENA-768x431.jpg 768w, https:\/\/cnctulua.tv\/wp-content\/uploads\/2024\/12\/H-NOVENA-1536x862.jpg 1536w, https:\/\/cnctulua.tv\/wp-content\/uploads\/2024\/12\/H-NOVENA-scaled.jpg 1920w\" sizes=\"auto, (max-width: 1024px) 100vw, 1024px\" \/><\/figure>\n\n\n\n<p>El tema central del d\u00eda fue la \u00abluz\u00bb, simbolizando tanto la alegr\u00eda como los momentos de tristeza, recordando la importancia de recibir al Ni\u00f1o Jes\u00fas con esperanza y amor. \u00abEl d\u00eda de hoy es la luz que ilumina los momentos de alegr\u00eda, tambi\u00e9n los momentos de tristeza y que nos invita a recibir al Ni\u00f1o Jes\u00fas este 24 con gran alegr\u00eda, con la iluminaci\u00f3n de su recinto,\u00bb a\u00f1adi\u00f3 el subgerente.<\/p>\n\n\n\n<p>La actividad cont\u00f3 con la participaci\u00f3n no solo de los ni\u00f1os, sino tambi\u00e9n de los colaboradores y sus familias, quienes se unieron para rezar con devoci\u00f3n y amor. \u00abLos colaboradores, tambi\u00e9n los pacientes, los ni\u00f1os, todos participaron muy activamente. Estamos muy contentos de que, incluso los colaboradores que no estaban en la instituci\u00f3n vinieron desde sus casas a participar,\u00bb dijo Rodr\u00edguez.<\/p>\n\n\n\n<figure class=\"wp-block-image size-large\"><img loading=\"lazy\" decoding=\"async\" width=\"1024\" height=\"575\" src=\"https:\/\/cnctulua.tv\/wp-content\/uploads\/2024\/12\/NOVENA-H-D-T-1024x575.jpg\" alt=\"\" class=\"wp-image-27691\" srcset=\"https:\/\/cnctulua.tv\/wp-content\/uploads\/2024\/12\/NOVENA-H-D-T-1024x575.jpg 1024w, https:\/\/cnctulua.tv\/wp-content\/uploads\/2024\/12\/NOVENA-H-D-T-300x168.jpg 300w, https:\/\/cnctulua.tv\/wp-content\/uploads\/2024\/12\/NOVENA-H-D-T-768x431.jpg 768w, https:\/\/cnctulua.tv\/wp-content\/uploads\/2024\/12\/NOVENA-H-D-T-1536x862.jpg 1536w, https:\/\/cnctulua.tv\/wp-content\/uploads\/2024\/12\/NOVENA-H-D-T-scaled.jpg 1920w\" sizes=\"auto, (max-width: 1024px) 100vw, 1024px\" \/><\/figure>\n\n\n\n<p>Asimismo, agradeci\u00f3 al equipo de comunicaciones del hospital, quienes han liderado esta exitosa novena. \u00abGracias al equipo de comunicaciones de la instituci\u00f3n de Tom\u00e1s porque ha liderado esta gran novena de Navidad que ha sido exitosa,\u00bb destac\u00f3.<\/p>\n\n\n\n<p>La celebraci\u00f3n no solo tuvo un significado espiritual, sino tambi\u00e9n un mensaje de unidad y esperanza para la comunidad. Rodr\u00edguez hizo un llamado a la uni\u00f3n familiar, especialmente para aquellos hogares tulue\u00f1os y vallecaucanos que m\u00e1s lo necesitan. \u00abRezamos con amor, con devoci\u00f3n esa novena Navidad para que tengamos esa uni\u00f3n familiar, esa uni\u00f3n que nos hace falta en muchos de los hogares tulue\u00f1os y vallecaucanos.\u00bb<\/p>\n\n\n\n<p>Finalmente, el Subgerente se mostr\u00f3 satisfecho por los resultados de la temporada de velitas, destacando que en el reciente fin de semana del 7 y 8 de diciembre, no se reportaron casos de ni\u00f1os quemados en la instituci\u00f3n. \u00abEs una gran noticia que este fin de semana, que vivimos de 7 y 8 de diciembre de velitas, no hemos reportado nuestra instituci\u00f3n en ni\u00f1os quemados. Es una gran satisfacci\u00f3n para que ellos pasen estas fiestas navide\u00f1as con tranquilidad, con amor, en uni\u00f3n familiar, que es lo m\u00e1s importante.\u00bb<\/p>\n\n\n\n<p>La novena de Navidad en el Hospital Departamental Tom\u00e1s Uribe Uribe contin\u00faa siendo una tradici\u00f3n que fortalece los lazos de la comunidad y genera un espacio de paz y reflexi\u00f3n para todos sus integrantes.<\/p>\n","protected":false},"excerpt":{"rendered":"<p>El Hospital Departamental Tom\u00e1s Uribe Uribe celebr\u00f3 con gran entusiasmo el inicio de la tradicional novena de Navidad, un evento lleno de alegr\u00eda y emoci\u00f3n para los ni\u00f1os, colaboradores y pacientes de la instituci\u00f3n. El Subgerente Cient\u00edfico del hospital, C\u00e9sar Augusto Rodr\u00edguez, expres\u00f3 su felicidad al dar inicio a esta especial actividad, destacando la uni\u00f3n [&hellip;]<\/p>\n","protected":false},"author":4,"featured_media":27655,"comment_status":"open","ping_status":"open","sticky":false,"template":"","format":"video","meta":{"footnotes":""},"categories":[1],"tags":[],"class_list":["post-27645","post","type-post","status-publish","format-video","has-post-thumbnail","hentry","category-uncategorized","post_format-post-format-video"],"_links":{"self":[{"href":"https:\/\/cnctulua.tv\/index.php?rest_route=\/wp\/v2\/posts\/27645","targetHints":{"allow":["GET"]}}],"collection":[{"href":"https:\/\/cnctulua.tv\/index.php?rest_route=\/wp\/v2\/posts"}],"about":[{"href":"https:\/\/cnctulua.tv\/index.php?rest_route=\/wp\/v2\/types\/post"}],"author":[{"embeddable":true,"href":"https:\/\/cnctulua.tv\/index.php?rest_route=\/wp\/v2\/users\/4"}],"replies":[{"embeddable":true,"href":"https:\/\/cnctulua.tv\/index.php?rest_route=%2Fwp%2Fv2%2Fcomments&post=27645"}],"version-history":[{"count":2,"href":"https:\/\/cnctulua.tv\/index.php?rest_route=\/wp\/v2\/posts\/27645\/revisions"}],"predecessor-version":[{"id":27692,"href":"https:\/\/cnctulua.tv\/index.php?rest_route=\/wp\/v2\/posts\/27645\/revisions\/27692"}],"wp:featuredmedia":[{"embeddable":true,"href":"https:\/\/cnctulua.tv\/index.php?rest_route=\/wp\/v2\/media\/27655"}],"wp:attachment":[{"href":"https:\/\/cnctulua.tv\/index.php?rest_route=%2Fwp%2Fv2%2Fmedia&parent=27645"}],"wp:term":[{"taxonomy":"category","embeddable":true,"href":"https:\/\/cnctulua.tv\/index.php?rest_route=%2Fwp%2Fv2%2Fcategories&post=27645"},{"taxonomy":"post_tag","embeddable":true,"href":"https:\/\/cnctulua.tv\/index.php?rest_route=%2Fwp%2Fv2%2Ftags&post=27645"}],"curies":[{"name":"wp","href":"https:\/\/api.w.org\/{rel}","templated":true}]}}