{"id":27646,"date":"2024-12-10T16:50:48","date_gmt":"2024-12-10T16:50:48","guid":{"rendered":"https:\/\/cnctulua.tv\/?p=27646"},"modified":"2024-12-10T16:50:51","modified_gmt":"2024-12-10T16:50:51","slug":"ninos-disfrutan-del-inicio-de-las-novenas-de-navidad-en-el-hospital-departamental-tomas-uribe-uribe","status":"publish","type":"post","link":"https:\/\/cnctulua.tv\/?p=27646","title":{"rendered":"NI\u00d1OS DISFRUTAN DEL INICIO DE LAS NOVENAS DE NAVIDAD EN EL HOSPITAL DEPARTAMENTAL TOM\u00c1S URIBE URIBE."},"content":{"rendered":"\n<p>El Hospital Departamental Tom\u00e1s Uribe Uribe vivi\u00f3 con gran emoci\u00f3n el inicio de las tradicionales novenas de Navidad, un evento que, adem\u00e1s de fortalecer los lazos de uni\u00f3n entre la comunidad hospitalaria, brind\u00f3 a los ni\u00f1os la oportunidad de participar activamente en esta significativa celebraci\u00f3n. La novena, que reuni\u00f3 a peque\u00f1os pacientes, hijos de colaboradores y ni\u00f1os del servicio de pediatr\u00eda, se convirti\u00f3 en un espacio lleno de alegr\u00eda, esperanza y devoci\u00f3n.<\/p>\n\n\n\n<p><\/p>\n\n\n\n<figure class=\"wp-block-embed is-type-video is-provider-youtube wp-block-embed-youtube wp-embed-aspect-16-9 wp-has-aspect-ratio\"><div class=\"wp-block-embed__wrapper\">\n<iframe loading=\"lazy\" title=\"Los m\u00e1s peque\u00f1os comparten su experiencia al iniciar la Novena de Navidad en el H.D.T.U.U.\" width=\"640\" height=\"360\" src=\"https:\/\/www.youtube.com\/embed\/hXz3znw4ZGQ?feature=oembed\" frameborder=\"0\" allow=\"accelerometer; autoplay; clipboard-write; encrypted-media; gyroscope; picture-in-picture; web-share\" referrerpolicy=\"strict-origin-when-cross-origin\" allowfullscreen><\/iframe>\n<\/div><\/figure>\n\n\n\n<p>Los m\u00e1s peque\u00f1os se mostraron entusiasmados por ser parte de esta celebraci\u00f3n especial. Muchos de ellos expresaron lo significativo que fue para ellos compartir este momento con otros ni\u00f1os y con el personal del hospital. Durante la actividad, los ni\u00f1os rezaron juntos, cantaron villancicos y participaron en actividades que trajeron una chispa de alegr\u00eda en medio de sus tratamientos.<\/p>\n\n\n\n<figure class=\"wp-block-image size-large\"><img loading=\"lazy\" decoding=\"async\" width=\"1024\" height=\"504\" src=\"https:\/\/cnctulua.tv\/wp-content\/uploads\/2024\/12\/NOVENAS-HOSPITAL-TOMAS-1024x504.png\" alt=\"\" class=\"wp-image-27657\" srcset=\"https:\/\/cnctulua.tv\/wp-content\/uploads\/2024\/12\/NOVENAS-HOSPITAL-TOMAS-1024x504.png 1024w, https:\/\/cnctulua.tv\/wp-content\/uploads\/2024\/12\/NOVENAS-HOSPITAL-TOMAS-300x148.png 300w, https:\/\/cnctulua.tv\/wp-content\/uploads\/2024\/12\/NOVENAS-HOSPITAL-TOMAS-768x378.png 768w, https:\/\/cnctulua.tv\/wp-content\/uploads\/2024\/12\/NOVENAS-HOSPITAL-TOMAS.png 1130w\" sizes=\"auto, (max-width: 1024px) 100vw, 1024px\" \/><\/figure>\n\n\n\n<p>Este primer d\u00eda de novena fue un momento de participaci\u00f3n, tanto para los ni\u00f1os como para los colaboradores del hospital, quienes con devoci\u00f3n y entusiasmo asistieron. La celebraci\u00f3n no solo brind\u00f3 momentos de oraci\u00f3n y reflexi\u00f3n, sino tambi\u00e9n una oportunidad para fortalecer los v\u00ednculos de la comunidad hospitalaria, uniendo a todos en un solo prop\u00f3sito: celebrar la Navidad con amor, unidad y esperanza.<\/p>\n\n\n\n<p>As\u00ed, el Hospital Departamental Tom\u00e1s Uribe Uribe reafirm\u00f3 su compromiso con el bienestar emocional de sus pacientes y colaboradores, creando un espacio donde la Navidad se vivi\u00f3 con alegr\u00eda, luz y, sobre todo, con mucha solidaridad.<\/p>\n","protected":false},"excerpt":{"rendered":"<p>El Hospital Departamental Tom\u00e1s Uribe Uribe vivi\u00f3 con gran emoci\u00f3n el inicio de las tradicionales novenas de Navidad, un evento que, adem\u00e1s de fortalecer los lazos de uni\u00f3n entre la comunidad hospitalaria, brind\u00f3 a los ni\u00f1os la oportunidad de participar activamente en esta significativa celebraci\u00f3n. La novena, que reuni\u00f3 a peque\u00f1os pacientes, hijos de colaboradores [&hellip;]<\/p>\n","protected":false},"author":4,"featured_media":27656,"comment_status":"open","ping_status":"open","sticky":false,"template":"","format":"video","meta":{"footnotes":""},"categories":[1],"tags":[],"class_list":["post-27646","post","type-post","status-publish","format-video","has-post-thumbnail","hentry","category-uncategorized","post_format-post-format-video"],"_links":{"self":[{"href":"https:\/\/cnctulua.tv\/index.php?rest_route=\/wp\/v2\/posts\/27646","targetHints":{"allow":["GET"]}}],"collection":[{"href":"https:\/\/cnctulua.tv\/index.php?rest_route=\/wp\/v2\/posts"}],"about":[{"href":"https:\/\/cnctulua.tv\/index.php?rest_route=\/wp\/v2\/types\/post"}],"author":[{"embeddable":true,"href":"https:\/\/cnctulua.tv\/index.php?rest_route=\/wp\/v2\/users\/4"}],"replies":[{"embeddable":true,"href":"https:\/\/cnctulua.tv\/index.php?rest_route=%2Fwp%2Fv2%2Fcomments&post=27646"}],"version-history":[{"count":1,"href":"https:\/\/cnctulua.tv\/index.php?rest_route=\/wp\/v2\/posts\/27646\/revisions"}],"predecessor-version":[{"id":27659,"href":"https:\/\/cnctulua.tv\/index.php?rest_route=\/wp\/v2\/posts\/27646\/revisions\/27659"}],"wp:featuredmedia":[{"embeddable":true,"href":"https:\/\/cnctulua.tv\/index.php?rest_route=\/wp\/v2\/media\/27656"}],"wp:attachment":[{"href":"https:\/\/cnctulua.tv\/index.php?rest_route=%2Fwp%2Fv2%2Fmedia&parent=27646"}],"wp:term":[{"taxonomy":"category","embeddable":true,"href":"https:\/\/cnctulua.tv\/index.php?rest_route=%2Fwp%2Fv2%2Fcategories&post=27646"},{"taxonomy":"post_tag","embeddable":true,"href":"https:\/\/cnctulua.tv\/index.php?rest_route=%2Fwp%2Fv2%2Ftags&post=27646"}],"curies":[{"name":"wp","href":"https:\/\/api.w.org\/{rel}","templated":true}]}}