{"id":27767,"date":"2024-12-12T19:41:42","date_gmt":"2024-12-12T19:41:42","guid":{"rendered":"https:\/\/cnctulua.tv\/?p=27767"},"modified":"2024-12-12T19:41:45","modified_gmt":"2024-12-12T19:41:45","slug":"peatonalizacion-de-la-calle-sarmiento-en-tulua-para-una-mejor-experiencia-de-compra-el-14-y-15-de-diciembre","status":"publish","type":"post","link":"https:\/\/cnctulua.tv\/?p=27767","title":{"rendered":"PEATONALIZACI\u00d3N DE LA CALLE SARMIENTO EN TULU\u00c1 PARA UNA MEJOR EXPERIENCIA DE COMPRA EL 14 Y 15 DE DICIEMBRE."},"content":{"rendered":"\n<p>Este 14 y 15 de diciembre, Tulu\u00e1 vivir\u00e1 una de sus jornadas comerciales m\u00e1s destacadas del a\u00f1o, con la realizaci\u00f3n de la actividad Tulu\u00e1 Despierta. Durante estos dos d\u00edas, los comerciantes locales ofrecer\u00e1n descuentos y promociones especiales para todos los gustos y presupuestos, convirtiendo el centro de la ciudad en un punto de encuentro para los compradores.<\/p>\n\n\n\n<p><\/p>\n\n\n\n<figure class=\"wp-block-embed is-type-video is-provider-youtube wp-block-embed-youtube wp-embed-aspect-16-9 wp-has-aspect-ratio\"><div class=\"wp-block-embed__wrapper\">\n<iframe loading=\"lazy\" title=\"Los comerciantes de Tulu\u00e1 se preparan para un fin de semana de descuentos y ofertas.\" width=\"640\" height=\"360\" src=\"https:\/\/www.youtube.com\/embed\/icvPGg9iHRs?feature=oembed\" frameborder=\"0\" allow=\"accelerometer; autoplay; clipboard-write; encrypted-media; gyroscope; picture-in-picture; web-share\" referrerpolicy=\"strict-origin-when-cross-origin\" allowfullscreen><\/iframe>\n<\/div><\/figure>\n\n\n\n<p>Una de las principales novedades de esta edici\u00f3n ser\u00e1 la peatonalizaci\u00f3n de la calle Sarmiento, entre la carrera 27 con calle 27 y la carrera 20. Esta medida, que permitir\u00e1 a los ciudadanos disfrutar de un recorrido sin el inconveniente del tr\u00e1fico vehicular, busca mejorar la experiencia de compra y dar un respiro al comercio local, creando un ambiente m\u00e1s seguro y agradable para los visitantes.<\/p>\n\n\n\n<p>La iniciativa, impulsada por Fenalco, la Alcald\u00eda Municipal y la C\u00e1mara de Comercio de Tulu\u00e1, tiene como objetivo dinamizar la econom\u00eda local y promover la actividad comercial durante las festividades decembrinas. En este sentido, la Secretar\u00eda de Movilidad, la Secretar\u00eda de Planeaci\u00f3n y la Secretar\u00eda de Gobierno del municipio estar\u00e1n presentes para garantizar un flujo vehicular ordenado en las principales arterias de la ciudad.<\/p>\n\n\n\n<p>El alcalde de Tulu\u00e1, Gustavo Adolfo V\u00e9lez Rom\u00e1n, destac\u00f3 la importancia de esta actividad como parte de los esfuerzos de reactivaci\u00f3n econ\u00f3mica de la ciudad. \u00abTulu\u00e1 vive una reactivaci\u00f3n econ\u00f3mica real\u00bb, asegur\u00f3 V\u00e9lez, subrayando la resiliencia del comercio local y el impacto positivo que eventos como Tulu\u00e1 Despierta tienen sobre la econom\u00eda municipal.<\/p>\n\n\n\n<p>Con una oferta comercial variada y un ambiente m\u00e1s organizado y seguro, Tulu\u00e1 Despierta promete ser un \u00e9xito, contribuyendo al fortalecimiento del comercio en la ciudad y al disfrute de los tulue\u00f1os y visitantes durante esta temporada navide\u00f1a.<\/p>\n","protected":false},"excerpt":{"rendered":"<p>Este 14 y 15 de diciembre, Tulu\u00e1 vivir\u00e1 una de sus jornadas comerciales m\u00e1s destacadas del a\u00f1o, con la realizaci\u00f3n de la actividad Tulu\u00e1 Despierta. Durante estos dos d\u00edas, los comerciantes locales ofrecer\u00e1n descuentos y promociones especiales para todos los gustos y presupuestos, convirtiendo el centro de la ciudad en un punto de encuentro para [&hellip;]<\/p>\n","protected":false},"author":4,"featured_media":27810,"comment_status":"open","ping_status":"open","sticky":false,"template":"","format":"video","meta":{"footnotes":""},"categories":[1],"tags":[],"class_list":["post-27767","post","type-post","status-publish","format-video","has-post-thumbnail","hentry","category-uncategorized","post_format-post-format-video"],"_links":{"self":[{"href":"https:\/\/cnctulua.tv\/index.php?rest_route=\/wp\/v2\/posts\/27767","targetHints":{"allow":["GET"]}}],"collection":[{"href":"https:\/\/cnctulua.tv\/index.php?rest_route=\/wp\/v2\/posts"}],"about":[{"href":"https:\/\/cnctulua.tv\/index.php?rest_route=\/wp\/v2\/types\/post"}],"author":[{"embeddable":true,"href":"https:\/\/cnctulua.tv\/index.php?rest_route=\/wp\/v2\/users\/4"}],"replies":[{"embeddable":true,"href":"https:\/\/cnctulua.tv\/index.php?rest_route=%2Fwp%2Fv2%2Fcomments&post=27767"}],"version-history":[{"count":1,"href":"https:\/\/cnctulua.tv\/index.php?rest_route=\/wp\/v2\/posts\/27767\/revisions"}],"predecessor-version":[{"id":27811,"href":"https:\/\/cnctulua.tv\/index.php?rest_route=\/wp\/v2\/posts\/27767\/revisions\/27811"}],"wp:featuredmedia":[{"embeddable":true,"href":"https:\/\/cnctulua.tv\/index.php?rest_route=\/wp\/v2\/media\/27810"}],"wp:attachment":[{"href":"https:\/\/cnctulua.tv\/index.php?rest_route=%2Fwp%2Fv2%2Fmedia&parent=27767"}],"wp:term":[{"taxonomy":"category","embeddable":true,"href":"https:\/\/cnctulua.tv\/index.php?rest_route=%2Fwp%2Fv2%2Fcategories&post=27767"},{"taxonomy":"post_tag","embeddable":true,"href":"https:\/\/cnctulua.tv\/index.php?rest_route=%2Fwp%2Fv2%2Ftags&post=27767"}],"curies":[{"name":"wp","href":"https:\/\/api.w.org\/{rel}","templated":true}]}}