{"id":29166,"date":"2025-01-17T17:56:34","date_gmt":"2025-01-17T17:56:34","guid":{"rendered":"https:\/\/cnctulua.tv\/?p=29166"},"modified":"2025-01-17T17:56:38","modified_gmt":"2025-01-17T17:56:38","slug":"abiertas-las-inscripciones-para-el-ano-lectivo-2025-en-las-instituciones-educativas-del-valle-del-cauca","status":"publish","type":"post","link":"https:\/\/cnctulua.tv\/?p=29166","title":{"rendered":"ABIERTAS LAS INSCRIPCIONES PARA EL A\u00d1O LECTIVO 2025, EN LAS INSTITUCIONES EDUCATIVAS DEL VALLE DEL CAUCA."},"content":{"rendered":"\n<p>Con la llegada del nuevo a\u00f1o escolar, el Valle del Cauca abre sus puertas para recibir a los estudiantes que iniciar\u00e1n el a\u00f1o lectivo 2025. Las inscripciones contin\u00faan disponibles en las 148 instituciones educativas y sus sedes, ubicadas en los 34 municipios no certificados del departamento, hasta completar los cupos disponibles.<\/p>\n\n\n\n<p><\/p>\n\n\n\n<figure class=\"wp-block-embed is-type-video is-provider-youtube wp-block-embed-youtube wp-embed-aspect-16-9 wp-has-aspect-ratio\"><div class=\"wp-block-embed__wrapper\">\n<iframe loading=\"lazy\" title=\"Inscripciones abiertas para el A\u00f1o Lectivo 2025 en el Valle del Cauca.\" width=\"640\" height=\"360\" src=\"https:\/\/www.youtube.com\/embed\/wpe6TfugIUA?feature=oembed\" frameborder=\"0\" allow=\"accelerometer; autoplay; clipboard-write; encrypted-media; gyroscope; picture-in-picture; web-share\" referrerpolicy=\"strict-origin-when-cross-origin\" allowfullscreen><\/iframe>\n<\/div><\/figure>\n\n\n\n<p>La Secretar\u00eda de Educaci\u00f3n del Valle del Cauca, liderada por Ofelia Dorado, resalta los programas educativos que ofrecen estas instituciones. Adem\u00e1s del acceso a la educaci\u00f3n b\u00e1sica y media, los estudiantes podr\u00e1n beneficiarse de proyectos clave como el biling\u00fcismo, que promueve una educaci\u00f3n internacionalizada, y el Plan de Alimentaci\u00f3n Escolar (PAE), el cual garantiza alimentaci\u00f3n a todos los estudiantes desde el primer d\u00eda de clases. El PAE incluye, tambi\u00e9n, una versi\u00f3n diferencial para las comunidades ind\u00edgenas, asegurando que todos los ni\u00f1os y j\u00f3venes tengan acceso a una nutrici\u00f3n adecuada durante su jornada escolar.<\/p>\n\n\n\n<p>Para matricular a los ni\u00f1os y j\u00f3venes en una de las instituciones educativas del departamento, los padres de familia o acudientes deben acercarse a las sedes educativas con la siguiente documentaci\u00f3n:<\/p>\n\n\n\n<p>1. Foto 4&#215;4 del menor a matricular.<\/p>\n\n\n\n<p>2. Copia del carn\u00e9 de afiliaci\u00f3n a la EPS o Sisb\u00e9n.<\/p>\n\n\n\n<p>3. Documento de identidad del menor y del padre de familia o acudiente.<\/p>\n\n\n\n<p>4. Copia del recibo de servicios p\u00fablicos.<\/p>\n\n\n\n<p>En caso de dudas o inquietudes sobre el proceso de inscripci\u00f3n, las autoridades educativas han dispuesto el correo electr\u00f3nico infomatriculasvalle@valledelcauca.gov.co y la l\u00ednea telef\u00f3nica 620 00 00, extensi\u00f3n 1564 para atender a los interesados.<\/p>\n\n\n\n<p>Las inscripciones est\u00e1n abiertas hasta agotar los cupos, por lo que se recomienda a los padres y acudientes realizar el tr\u00e1mite cuanto antes para asegurar el lugar de sus hijos en las instituciones educativas del Valle del Cauca.<\/p>\n","protected":false},"excerpt":{"rendered":"<p>Con la llegada del nuevo a\u00f1o escolar, el Valle del Cauca abre sus puertas para recibir a los estudiantes que iniciar\u00e1n el a\u00f1o lectivo 2025. Las inscripciones contin\u00faan disponibles en las 148 instituciones educativas y sus sedes, ubicadas en los 34 municipios no certificados del departamento, hasta completar los cupos disponibles. La Secretar\u00eda de Educaci\u00f3n [&hellip;]<\/p>\n","protected":false},"author":4,"featured_media":29177,"comment_status":"open","ping_status":"open","sticky":false,"template":"","format":"video","meta":{"footnotes":""},"categories":[10,1515],"tags":[],"class_list":["post-29166","post","type-post","status-publish","format-video","has-post-thumbnail","hentry","category-cnc-noticias-tulua","category-cnc-tulua","post_format-post-format-video"],"_links":{"self":[{"href":"https:\/\/cnctulua.tv\/index.php?rest_route=\/wp\/v2\/posts\/29166","targetHints":{"allow":["GET"]}}],"collection":[{"href":"https:\/\/cnctulua.tv\/index.php?rest_route=\/wp\/v2\/posts"}],"about":[{"href":"https:\/\/cnctulua.tv\/index.php?rest_route=\/wp\/v2\/types\/post"}],"author":[{"embeddable":true,"href":"https:\/\/cnctulua.tv\/index.php?rest_route=\/wp\/v2\/users\/4"}],"replies":[{"embeddable":true,"href":"https:\/\/cnctulua.tv\/index.php?rest_route=%2Fwp%2Fv2%2Fcomments&post=29166"}],"version-history":[{"count":1,"href":"https:\/\/cnctulua.tv\/index.php?rest_route=\/wp\/v2\/posts\/29166\/revisions"}],"predecessor-version":[{"id":29188,"href":"https:\/\/cnctulua.tv\/index.php?rest_route=\/wp\/v2\/posts\/29166\/revisions\/29188"}],"wp:featuredmedia":[{"embeddable":true,"href":"https:\/\/cnctulua.tv\/index.php?rest_route=\/wp\/v2\/media\/29177"}],"wp:attachment":[{"href":"https:\/\/cnctulua.tv\/index.php?rest_route=%2Fwp%2Fv2%2Fmedia&parent=29166"}],"wp:term":[{"taxonomy":"category","embeddable":true,"href":"https:\/\/cnctulua.tv\/index.php?rest_route=%2Fwp%2Fv2%2Fcategories&post=29166"},{"taxonomy":"post_tag","embeddable":true,"href":"https:\/\/cnctulua.tv\/index.php?rest_route=%2Fwp%2Fv2%2Ftags&post=29166"}],"curies":[{"name":"wp","href":"https:\/\/api.w.org\/{rel}","templated":true}]}}