{"id":29169,"date":"2025-01-17T19:07:08","date_gmt":"2025-01-17T19:07:08","guid":{"rendered":"https:\/\/cnctulua.tv\/?p=29169"},"modified":"2025-01-17T19:07:12","modified_gmt":"2025-01-17T19:07:12","slug":"guillermo-rengifo-zuniga-recibe-homenaje-de-la-administracion-municipal-de-andalucia-con-la-publicacion-de-un-libro","status":"publish","type":"post","link":"https:\/\/cnctulua.tv\/?p=29169","title":{"rendered":"GUILLERMO RENGIFO Z\u00da\u00d1IGA: RECIBE HOMENAJE DE LA ADMINISTRACI\u00d3N MUNICIPAL DE ANDALUC\u00cdA CON LA PUBLICACI\u00d3N DE UN LIBRO."},"content":{"rendered":"\n<p>El escritor andaluz de 85 a\u00f1os, Guillermo Rengifo Z\u00fa\u00f1iga, recibi\u00f3 un c\u00e1lido homenaje de la administraci\u00f3n municipal de Andaluc\u00eda con la publicaci\u00f3n de un libro que resalta su legado literario y su contribuci\u00f3n a la cultura de la regi\u00f3n. La entrega de este reconocimiento en un contexto tan significativo, en el marco de los 141 a\u00f1os de vida municipalista de la localidad, destaca el profundo v\u00ednculo del autor con la historia y la identidad de Andaluc\u00eda.<\/p>\n\n\n\n<p><\/p>\n\n\n\n<figure class=\"wp-block-embed is-provider-youtube wp-block-embed-youtube\"><div class=\"wp-block-embed__wrapper\">\n<iframe loading=\"lazy\" title=\"Guillermo Rengifo Z\u00fa\u00f1iga, un homenaje a la cultura andaluza.\" width=\"640\" height=\"360\" src=\"https:\/\/www.youtube.com\/embed\/RJZeSg-ECJg?feature=oembed\" frameborder=\"0\" allow=\"accelerometer; autoplay; clipboard-write; encrypted-media; gyroscope; picture-in-picture; web-share\" referrerpolicy=\"strict-origin-when-cross-origin\" allowfullscreen><\/iframe>\n<\/div><\/figure>\n\n\n\n<p>Durante una reciente entrevista, Rengifo Z\u00fa\u00f1iga expres\u00f3 el profundo significado que tiene este homenaje para \u00e9l y su comunidad. Asegur\u00f3 que recibir un reconocimiento de la administraci\u00f3n municipal a trav\u00e9s de un libro \u00abes una muestra de que la cultura sigue siendo el lazo que une a los andaluces, y me honra ser parte de este proceso que reconoce no solo mi trabajo, sino tambi\u00e9n el compromiso de toda la comunidad con su herencia cultural\u00bb.<\/p>\n\n\n\n<figure class=\"wp-block-image size-large\"><img loading=\"lazy\" decoding=\"async\" width=\"1024\" height=\"768\" src=\"https:\/\/cnctulua.tv\/wp-content\/uploads\/2025\/01\/WhatsApp-Image-2025-01-17-at-12.27.43-PM-2-1024x768.jpeg\" alt=\"\" class=\"wp-image-29185\" srcset=\"https:\/\/cnctulua.tv\/wp-content\/uploads\/2025\/01\/WhatsApp-Image-2025-01-17-at-12.27.43-PM-2-1024x768.jpeg 1024w, https:\/\/cnctulua.tv\/wp-content\/uploads\/2025\/01\/WhatsApp-Image-2025-01-17-at-12.27.43-PM-2-300x225.jpeg 300w, https:\/\/cnctulua.tv\/wp-content\/uploads\/2025\/01\/WhatsApp-Image-2025-01-17-at-12.27.43-PM-2-768x576.jpeg 768w, https:\/\/cnctulua.tv\/wp-content\/uploads\/2025\/01\/WhatsApp-Image-2025-01-17-at-12.27.43-PM-2-1536x1152.jpeg 1536w, https:\/\/cnctulua.tv\/wp-content\/uploads\/2025\/01\/WhatsApp-Image-2025-01-17-at-12.27.43-PM-2.jpeg 1440w\" sizes=\"auto, (max-width: 1024px) 100vw, 1024px\" \/><\/figure>\n\n\n\n<p>El escritor tambi\u00e9n se refiri\u00f3 a la importancia del contenido del libro, que explora la enigm\u00e1tica historia del nombre *Folleto San Vicente Andaluc\u00eda*. A lo largo de su investigaci\u00f3n, Rengifo Z\u00fa\u00f1iga desmantela la teor\u00eda que se\u00f1ala a un noble espa\u00f1ol ilustre como el origen del nombre, se\u00f1alando que el verdadero origen de \u00abFolleto\u00bb sigue siendo un misterio. El escritor abord\u00f3 c\u00f3mo, en un intento por darle un toque m\u00e1s serio y respetable al nombre del caser\u00edo, los habitantes optaron por adoptar el nombre de *San Vicente Ferrer* a sugerencia de unos sacerdotes locales.<\/p>\n\n\n\n<p>Adem\u00e1s, el autor comparti\u00f3 sus recomendaciones para las nuevas generaciones. \u00abComo educador, he tratado de darle un enfoque pedag\u00f3gico a este libro, de forma que no solo sea interesante desde el punto de vista hist\u00f3rico, sino tambi\u00e9n \u00fatil para el aprendizaje. Mi deseo es que este trabajo llegue a las escuelas e instituciones educativas para que los j\u00f3venes comprendan c\u00f3mo se construye una historia basada en la honestidad y el rigor\u00bb, expres\u00f3 Rengifo Z\u00fa\u00f1iga.<\/p>\n\n\n\n<p>La obra de Rengifo Z\u00fa\u00f1iga subraya la importancia de la cultura en todos sus \u00e1mbitos, no solo literarios sino tambi\u00e9n sociales y art\u00edsticos. En su intervenci\u00f3n, el escritor hizo un llamado a seguir fomentando la cultura en todas sus formas, recordando que la cultura es el elemento que puede unir a una sociedad y garantizar su cohesi\u00f3n a trav\u00e9s del tiempo.<\/p>\n\n\n\n<p>Con este homenaje, la administraci\u00f3n municipal de Andaluc\u00eda reitera su compromiso con la preservaci\u00f3n y promoci\u00f3n de su patrimonio cultural, reconociendo a figuras como Guillermo Rengifo Z\u00fa\u00f1iga, cuyo trabajo sigue enriqueciendo la identidad cultural de la regi\u00f3n.<\/p>\n","protected":false},"excerpt":{"rendered":"<p>El escritor andaluz de 85 a\u00f1os, Guillermo Rengifo Z\u00fa\u00f1iga, recibi\u00f3 un c\u00e1lido homenaje de la administraci\u00f3n municipal de Andaluc\u00eda con la publicaci\u00f3n de un libro que resalta su legado literario y su contribuci\u00f3n a la cultura de la regi\u00f3n. La entrega de este reconocimiento en un contexto tan significativo, en el marco de los 141 [&hellip;]<\/p>\n","protected":false},"author":4,"featured_media":29184,"comment_status":"open","ping_status":"open","sticky":false,"template":"","format":"video","meta":{"footnotes":""},"categories":[10,1515],"tags":[],"class_list":["post-29169","post","type-post","status-publish","format-video","has-post-thumbnail","hentry","category-cnc-noticias-tulua","category-cnc-tulua","post_format-post-format-video"],"_links":{"self":[{"href":"https:\/\/cnctulua.tv\/index.php?rest_route=\/wp\/v2\/posts\/29169","targetHints":{"allow":["GET"]}}],"collection":[{"href":"https:\/\/cnctulua.tv\/index.php?rest_route=\/wp\/v2\/posts"}],"about":[{"href":"https:\/\/cnctulua.tv\/index.php?rest_route=\/wp\/v2\/types\/post"}],"author":[{"embeddable":true,"href":"https:\/\/cnctulua.tv\/index.php?rest_route=\/wp\/v2\/users\/4"}],"replies":[{"embeddable":true,"href":"https:\/\/cnctulua.tv\/index.php?rest_route=%2Fwp%2Fv2%2Fcomments&post=29169"}],"version-history":[{"count":2,"href":"https:\/\/cnctulua.tv\/index.php?rest_route=\/wp\/v2\/posts\/29169\/revisions"}],"predecessor-version":[{"id":29194,"href":"https:\/\/cnctulua.tv\/index.php?rest_route=\/wp\/v2\/posts\/29169\/revisions\/29194"}],"wp:featuredmedia":[{"embeddable":true,"href":"https:\/\/cnctulua.tv\/index.php?rest_route=\/wp\/v2\/media\/29184"}],"wp:attachment":[{"href":"https:\/\/cnctulua.tv\/index.php?rest_route=%2Fwp%2Fv2%2Fmedia&parent=29169"}],"wp:term":[{"taxonomy":"category","embeddable":true,"href":"https:\/\/cnctulua.tv\/index.php?rest_route=%2Fwp%2Fv2%2Fcategories&post=29169"},{"taxonomy":"post_tag","embeddable":true,"href":"https:\/\/cnctulua.tv\/index.php?rest_route=%2Fwp%2Fv2%2Ftags&post=29169"}],"curies":[{"name":"wp","href":"https:\/\/api.w.org\/{rel}","templated":true}]}}