{"id":29173,"date":"2025-01-17T19:06:59","date_gmt":"2025-01-17T19:06:59","guid":{"rendered":"https:\/\/cnctulua.tv\/?p=29173"},"modified":"2025-01-17T19:07:04","modified_gmt":"2025-01-17T19:07:04","slug":"andalucia-conmemora-141-anos-de-vida-municipal-con-el-lanzamiento-del-libro-folleco-san-vicente-andalucia-tres-nombres-y-una-sola-historia","status":"publish","type":"post","link":"https:\/\/cnctulua.tv\/?p=29173","title":{"rendered":"ANDALUC\u00cdA CONMEMORA 141 A\u00d1OS DE VIDA MUNICIPAL, CON EL LANZAMIENTO DEL LIBRO \u00abFOLLECO, SAN VICENTE, ANDALUC\u00cdA. TRES NOMBRES Y UNA SOLA HISTORIA\u00bb"},"content":{"rendered":"\n<p>En una emotiva ceremonia, el municipio de Andaluc\u00eda celebr\u00f3 sus 141 a\u00f1os de vida municipal con el lanzamiento de la obra literaria Folleco, San Vicente, Andaluc\u00eda. Tres nombres y una sola historia, escrita por el licenciado Guillermo Rengifo Z\u00fa\u00f1iga. El evento, que tuvo lugar en la plaza principal del municipio, fue una oportunidad para reflexionar sobre la rica historia y el legado cultural de esta localidad, conocida como La Cuna del Talento.<\/p>\n\n\n\n<p><\/p>\n\n\n\n<figure class=\"wp-block-embed is-type-video is-provider-youtube wp-block-embed-youtube wp-embed-aspect-16-9 wp-has-aspect-ratio\"><div class=\"wp-block-embed__wrapper\">\n<iframe loading=\"lazy\" title=\"Lanzamiento del libro &quot;Folleco, San Vicente, Andaluc\u00eda. Tres nombres y una sola historia&quot;\" width=\"640\" height=\"360\" src=\"https:\/\/www.youtube.com\/embed\/dE5IiDPCOog?feature=oembed\" frameborder=\"0\" allow=\"accelerometer; autoplay; clipboard-write; encrypted-media; gyroscope; picture-in-picture; web-share\" referrerpolicy=\"strict-origin-when-cross-origin\" allowfullscreen><\/iframe>\n<\/div><\/figure>\n\n\n\n<p>El Alcalde de Andaluc\u00eda, Fernando Gir\u00f3n Vanderhuck, fue el encargado de abrir la jornada con un emotivo discurso, en el que destac\u00f3 la importancia de la obra para los andaluces. \u00abEste libro nos permite conocer nuestra historia desde la \u00e9poca precolombina hasta la actualidad. Es un valioso recurso que refuerza nuestra identidad y nos conecta con nuestras ra\u00edces\u00bb, expres\u00f3 Gir\u00f3n Vanderhuck. Asimismo, el alcalde resalt\u00f3 la relevancia de la celebraci\u00f3n de los 141 a\u00f1os de vida municipal, asegurando que eventos como este son clave para fortalecer la cultura local y el amor por la tierra.<\/p>\n\n\n\n<figure class=\"wp-block-image size-large\"><img loading=\"lazy\" decoding=\"async\" width=\"1024\" height=\"768\" src=\"https:\/\/cnctulua.tv\/wp-content\/uploads\/2025\/01\/WhatsApp-Image-2025-01-17-at-12.27.53-PM-1-1024x768.jpeg\" alt=\"\" class=\"wp-image-29189\" srcset=\"https:\/\/cnctulua.tv\/wp-content\/uploads\/2025\/01\/WhatsApp-Image-2025-01-17-at-12.27.53-PM-1-1024x768.jpeg 1024w, https:\/\/cnctulua.tv\/wp-content\/uploads\/2025\/01\/WhatsApp-Image-2025-01-17-at-12.27.53-PM-1-300x225.jpeg 300w, https:\/\/cnctulua.tv\/wp-content\/uploads\/2025\/01\/WhatsApp-Image-2025-01-17-at-12.27.53-PM-1-768x576.jpeg 768w, https:\/\/cnctulua.tv\/wp-content\/uploads\/2025\/01\/WhatsApp-Image-2025-01-17-at-12.27.53-PM-1-1536x1152.jpeg 1536w, https:\/\/cnctulua.tv\/wp-content\/uploads\/2025\/01\/WhatsApp-Image-2025-01-17-at-12.27.53-PM-1.jpeg 1440w\" sizes=\"auto, (max-width: 1024px) 100vw, 1024px\" \/><\/figure>\n\n\n\n<p>En la ceremonia tambi\u00e9n particip\u00f3 Jorge Enrique Gonz\u00e1lez Rojas, quien ofreci\u00f3 su visi\u00f3n sobre el impacto de la obra. Gonz\u00e1lez Rojas consider\u00f3 que Folleco, San Vicente, Andaluc\u00eda sintetiza la esencia de los valores andaluces, como el amor por la patria, el servicio p\u00fablico y el respeto por el patrimonio. \u201cLa obra de Guillermo Rengifo es un reflejo de lo que significa ser andaluz. Nos muestra la historia de nuestro municipio y los valores que nos han sido inculcados desde la infancia\u201d, indic\u00f3.<\/p>\n\n\n\n<p>El libro Folleco, San Vicente, Andaluc\u00eda aborda una de las principales inc\u00f3gnitas hist\u00f3ricas del municipio: el origen de los tres nombres que se han asociado con la localidad. En particular, Rengifo Z\u00fa\u00f1iga dedica un cap\u00edtulo especial al mito de \u00abFolleco\u00bb, un personaje hist\u00f3ricamente vinculado con la regi\u00f3n. Seg\u00fan versiones populares, Folleco habr\u00eda sido un terrateniente que don\u00f3 tierras al municipio, e incluso algunos aseguraban que ten\u00eda conexiones con la corona espa\u00f1ola. Sin embargo, el autor desaf\u00eda estas interpretaciones, proponiendo una nueva perspectiva que promete abrir un interesante debate hist\u00f3rico sobre la figura de \u00abFolleco\u00bb.<\/p>\n\n\n\n<p>Para continuar con la reflexi\u00f3n sobre la obra, el licenciado Gonz\u00e1lez Rojas adquiri\u00f3 varios ejemplares, uno de los cuales ser\u00e1 enviado al presidente de la Academia de Historia del Valle, Ram\u00f3n Ignacio Tortuga, con el prop\u00f3sito de organizar un coloquio acad\u00e9mico que aborde el tema de la figura hist\u00f3rica de \u00abFolleco\u00bb y su impacto en la historia local.<\/p>\n\n\n\n<p>Con este lanzamiento, Andaluc\u00eda no solo conmemora su aniversario, sino que tambi\u00e9n refuerza su compromiso con la cultura y la preservaci\u00f3n de su historia. Folleco, San Vicente, Andaluc\u00eda se presenta como una invitaci\u00f3n para todos los ciudadanos y los interesados en la historia del Valle del Cauca a descubrir y reflexionar sobre los or\u00edgenes y el legado de esta emblem\u00e1tica localidad.<\/p>\n","protected":false},"excerpt":{"rendered":"<p>En una emotiva ceremonia, el municipio de Andaluc\u00eda celebr\u00f3 sus 141 a\u00f1os de vida municipal con el lanzamiento de la obra literaria Folleco, San Vicente, Andaluc\u00eda. Tres nombres y una sola historia, escrita por el licenciado Guillermo Rengifo Z\u00fa\u00f1iga. El evento, que tuvo lugar en la plaza principal del municipio, fue una oportunidad para reflexionar [&hellip;]<\/p>\n","protected":false},"author":4,"featured_media":29183,"comment_status":"open","ping_status":"open","sticky":false,"template":"","format":"video","meta":{"footnotes":""},"categories":[10,1515],"tags":[],"class_list":["post-29173","post","type-post","status-publish","format-video","has-post-thumbnail","hentry","category-cnc-noticias-tulua","category-cnc-tulua","post_format-post-format-video"],"_links":{"self":[{"href":"https:\/\/cnctulua.tv\/index.php?rest_route=\/wp\/v2\/posts\/29173","targetHints":{"allow":["GET"]}}],"collection":[{"href":"https:\/\/cnctulua.tv\/index.php?rest_route=\/wp\/v2\/posts"}],"about":[{"href":"https:\/\/cnctulua.tv\/index.php?rest_route=\/wp\/v2\/types\/post"}],"author":[{"embeddable":true,"href":"https:\/\/cnctulua.tv\/index.php?rest_route=\/wp\/v2\/users\/4"}],"replies":[{"embeddable":true,"href":"https:\/\/cnctulua.tv\/index.php?rest_route=%2Fwp%2Fv2%2Fcomments&post=29173"}],"version-history":[{"count":1,"href":"https:\/\/cnctulua.tv\/index.php?rest_route=\/wp\/v2\/posts\/29173\/revisions"}],"predecessor-version":[{"id":29192,"href":"https:\/\/cnctulua.tv\/index.php?rest_route=\/wp\/v2\/posts\/29173\/revisions\/29192"}],"wp:featuredmedia":[{"embeddable":true,"href":"https:\/\/cnctulua.tv\/index.php?rest_route=\/wp\/v2\/media\/29183"}],"wp:attachment":[{"href":"https:\/\/cnctulua.tv\/index.php?rest_route=%2Fwp%2Fv2%2Fmedia&parent=29173"}],"wp:term":[{"taxonomy":"category","embeddable":true,"href":"https:\/\/cnctulua.tv\/index.php?rest_route=%2Fwp%2Fv2%2Fcategories&post=29173"},{"taxonomy":"post_tag","embeddable":true,"href":"https:\/\/cnctulua.tv\/index.php?rest_route=%2Fwp%2Fv2%2Ftags&post=29173"}],"curies":[{"name":"wp","href":"https:\/\/api.w.org\/{rel}","templated":true}]}}