{"id":29266,"date":"2025-01-20T17:51:43","date_gmt":"2025-01-20T17:51:43","guid":{"rendered":"https:\/\/cnctulua.tv\/?p=29266"},"modified":"2025-01-20T17:51:47","modified_gmt":"2025-01-20T17:51:47","slug":"abierta-la-convocatoria-para-el-programa-de-capacitacion-yaru-en-tulua-totalmente-gratuito","status":"publish","type":"post","link":"https:\/\/cnctulua.tv\/?p=29266","title":{"rendered":"ABIERTA LA CONVOCATORIA PARA EL PROGRAMA DE CAPACITACI\u00d3N YAR\u00da EN TULU\u00c1, TOTALMENTE GRATUITO."},"content":{"rendered":"\n<p>La C\u00e1mara de Comercio de Tulu\u00e1, ha lanzado la cuarta edici\u00f3n del programa de capacitaci\u00f3n Yar\u00fa, dirigido a los empresarios y emprendedores de la regi\u00f3n. Este programa, de modalidad semipresencial, tiene como objetivo fortalecer las habilidades de los participantes en \u00e1reas esenciales para el crecimiento y sostenibilidad de sus negocios.<\/p>\n\n\n\n<p><\/p>\n\n\n\n<figure class=\"wp-block-embed is-type-video is-provider-youtube wp-block-embed-youtube wp-embed-aspect-16-9 wp-has-aspect-ratio\"><div class=\"wp-block-embed__wrapper\">\n<iframe loading=\"lazy\" title=\"Cuarta edici\u00f3n del programa de capacitaci\u00f3n Yar\u00fa para empresarios.\" width=\"640\" height=\"360\" src=\"https:\/\/www.youtube.com\/embed\/VENvXhxCzr4?feature=oembed\" frameborder=\"0\" allow=\"accelerometer; autoplay; clipboard-write; encrypted-media; gyroscope; picture-in-picture; web-share\" referrerpolicy=\"strict-origin-when-cross-origin\" allowfullscreen><\/iframe>\n<\/div><\/figure>\n\n\n\n<p>El programa Yar\u00fa, que tiene una duraci\u00f3n aproximada de seis meses, ofrecer\u00e1 formaci\u00f3n especializada en temas como marketing digital, liderazgo, finanzas y ventas. Seg\u00fan Diana Patricia Mej\u00eda Galvis, Asistente de Desarrollo Empresarial de la C\u00e1mara de Comercio de Tulu\u00e1, este programa es uno de los m\u00e1s completos que la entidad ofrece en la actualidad: \u201cEs una excelente oportunidad para los empresarios que buscan mejorar la gesti\u00f3n de sus negocios y adaptarse a un mercado cada vez m\u00e1s competitivo y digitalizado\u201d, se\u00f1al\u00f3.<\/p>\n\n\n\n<p>La capacitaci\u00f3n est\u00e1 dise\u00f1ada para empresarios que cuenten con al menos seis meses de operaci\u00f3n de su unidad productiva y cuyo negocio sea su principal fuente de ingresos. Adem\u00e1s, se requiere que los participantes tengan un nivel acad\u00e9mico m\u00e1ximo de bachillerato o t\u00e9cnico, y que su actividad econ\u00f3mica se encuentre dentro de los l\u00edmites del municipio de Tulu\u00e1. Las clases ser\u00e1n presenciales en las instalaciones de la C\u00e1mara de Comercio, lo que facilita el acceso a los empresarios locales.<\/p>\n\n\n\n<p>El programa es completamente gratuito, lo que representa una oportunidad \u00fanica para los emprendedores de la regi\u00f3n. Las inscripciones ya est\u00e1n abiertas y los interesados pueden registrarse a trav\u00e9s del sitio web oficial de la C\u00e1mara de Comercio de Tulu\u00e1 www.c\u00e1maratuloa.org. El plazo para realizar la inscripci\u00f3n finaliza el 21 de febrero de 2025.<\/p>\n\n\n\n<p>El programa Yar\u00fa es una apuesta de la C\u00e1mara de Comercio de Tulu\u00e1 y la Fundaci\u00f3n WW Colombia para contribuir al fortalecimiento del tejido empresarial local, brindando herramientas pr\u00e1cticas que permiten a los empresarios optimizar sus operaciones y enfrentarse con \u00e9xito a los retos del mercado.<\/p>\n\n\n\n<p>Con esta iniciativa, la C\u00e1mara de Comercio reafirma su compromiso de apoyar a los emprendedores de Tulu\u00e1, ofreciendo formaci\u00f3n gratuita de alta calidad que impulsa el desarrollo empresarial en la regi\u00f3n.<\/p>\n","protected":false},"excerpt":{"rendered":"<p>La C\u00e1mara de Comercio de Tulu\u00e1, ha lanzado la cuarta edici\u00f3n del programa de capacitaci\u00f3n Yar\u00fa, dirigido a los empresarios y emprendedores de la regi\u00f3n. Este programa, de modalidad semipresencial, tiene como objetivo fortalecer las habilidades de los participantes en \u00e1reas esenciales para el crecimiento y sostenibilidad de sus negocios. El programa Yar\u00fa, que tiene [&hellip;]<\/p>\n","protected":false},"author":4,"featured_media":29268,"comment_status":"open","ping_status":"open","sticky":false,"template":"","format":"video","meta":{"footnotes":""},"categories":[10,1515],"tags":[],"class_list":["post-29266","post","type-post","status-publish","format-video","has-post-thumbnail","hentry","category-cnc-noticias-tulua","category-cnc-tulua","post_format-post-format-video"],"_links":{"self":[{"href":"https:\/\/cnctulua.tv\/index.php?rest_route=\/wp\/v2\/posts\/29266","targetHints":{"allow":["GET"]}}],"collection":[{"href":"https:\/\/cnctulua.tv\/index.php?rest_route=\/wp\/v2\/posts"}],"about":[{"href":"https:\/\/cnctulua.tv\/index.php?rest_route=\/wp\/v2\/types\/post"}],"author":[{"embeddable":true,"href":"https:\/\/cnctulua.tv\/index.php?rest_route=\/wp\/v2\/users\/4"}],"replies":[{"embeddable":true,"href":"https:\/\/cnctulua.tv\/index.php?rest_route=%2Fwp%2Fv2%2Fcomments&post=29266"}],"version-history":[{"count":1,"href":"https:\/\/cnctulua.tv\/index.php?rest_route=\/wp\/v2\/posts\/29266\/revisions"}],"predecessor-version":[{"id":29285,"href":"https:\/\/cnctulua.tv\/index.php?rest_route=\/wp\/v2\/posts\/29266\/revisions\/29285"}],"wp:featuredmedia":[{"embeddable":true,"href":"https:\/\/cnctulua.tv\/index.php?rest_route=\/wp\/v2\/media\/29268"}],"wp:attachment":[{"href":"https:\/\/cnctulua.tv\/index.php?rest_route=%2Fwp%2Fv2%2Fmedia&parent=29266"}],"wp:term":[{"taxonomy":"category","embeddable":true,"href":"https:\/\/cnctulua.tv\/index.php?rest_route=%2Fwp%2Fv2%2Fcategories&post=29266"},{"taxonomy":"post_tag","embeddable":true,"href":"https:\/\/cnctulua.tv\/index.php?rest_route=%2Fwp%2Fv2%2Ftags&post=29266"}],"curies":[{"name":"wp","href":"https:\/\/api.w.org\/{rel}","templated":true}]}}