{"id":32009,"date":"2025-03-07T17:33:56","date_gmt":"2025-03-07T17:33:56","guid":{"rendered":"https:\/\/cnctulua.tv\/?p=32009"},"modified":"2025-03-07T17:33:58","modified_gmt":"2025-03-07T17:33:58","slug":"mil-emprendedores-del-valle-podran-acceder-a-recursos-inscripciones-abiertas-para-el-fondo-valle-inn","status":"publish","type":"post","link":"https:\/\/cnctulua.tv\/?p=32009","title":{"rendered":"\u00a1MIL EMPRENDEDORES DEL VALLE PODR\u00c1N ACCEDER A RECURSOS! INSCRIPCIONES ABIERTAS PARA EL FONDO VALLE INN+."},"content":{"rendered":"\n<p>El Fondo Valle INN+ contin\u00faa ofreciendo oportunidades clave para los emprendedores del Valle del Cauca, y recientemente realiz\u00f3 una jornada informativa en Palmira, donde los emprendedores locales compartieron sus experiencias y expectativas respecto a la convocatoria. Esta iniciativa, que abri\u00f3 inscripciones el 10 de marzo y estar\u00e1 disponible hasta el 28 de marzo, busca apoyar a los emprendedores mediante recursos financieros y capacitaci\u00f3n para fortalecer sus negocios.<\/p>\n\n\n\n<figure class=\"wp-block-embed is-type-video is-provider-youtube wp-block-embed-youtube wp-embed-aspect-16-9 wp-has-aspect-ratio\"><div class=\"wp-block-embed__wrapper\">\n<iframe loading=\"lazy\" title=\"Emprendedores de Palmira destacan el impacto del Fondo Valle INN+ en sus proyectos.\" width=\"640\" height=\"360\" src=\"https:\/\/www.youtube.com\/embed\/MIIgPxwW96I?feature=oembed\" frameborder=\"0\" allow=\"accelerometer; autoplay; clipboard-write; encrypted-media; gyroscope; picture-in-picture; web-share\" referrerpolicy=\"strict-origin-when-cross-origin\" allowfullscreen><\/iframe>\n<\/div><\/figure>\n\n\n\n<p>Ayde Fabiola Melo, emprendedora de Palmira, resalt\u00f3 la relevancia del apoyo para los j\u00f3venes del campo, especialmente en el sector agropecuario. Seg\u00fan Melo, el acceso a tecnolog\u00edas como el sistema silvopastoril ayudar\u00e1 a los j\u00f3venes a mejorar la producci\u00f3n y el cuidado de sus animales, lo que se traduce en una mayor sostenibilidad y productividad en sus proyectos agr\u00edcolas. Este tipo de apoyo no solo mejora las condiciones del campo, sino que tambi\u00e9n permite a los emprendedores acceder a herramientas innovadoras que fortalecen sus unidades de negocio.<\/p>\n\n\n\n<figure class=\"wp-block-image size-large\"><img loading=\"lazy\" decoding=\"async\" width=\"1024\" height=\"684\" src=\"https:\/\/cnctulua.tv\/wp-content\/uploads\/2025\/03\/WhatsApp-Image-2025-03-07-at-10.37.02-AM-1-1024x684.jpeg\" alt=\"\" class=\"wp-image-32018\" srcset=\"https:\/\/cnctulua.tv\/wp-content\/uploads\/2025\/03\/WhatsApp-Image-2025-03-07-at-10.37.02-AM-1-1024x684.jpeg 1024w, https:\/\/cnctulua.tv\/wp-content\/uploads\/2025\/03\/WhatsApp-Image-2025-03-07-at-10.37.02-AM-1-300x200.jpeg 300w, https:\/\/cnctulua.tv\/wp-content\/uploads\/2025\/03\/WhatsApp-Image-2025-03-07-at-10.37.02-AM-1-768x513.jpeg 768w, https:\/\/cnctulua.tv\/wp-content\/uploads\/2025\/03\/WhatsApp-Image-2025-03-07-at-10.37.02-AM-1.jpeg 1080w\" sizes=\"auto, (max-width: 1024px) 100vw, 1024px\" \/><\/figure>\n\n\n\n<p>Por su parte, Alejandra G\u00f3mez, tambi\u00e9n emprendedora de Palmira, expres\u00f3 su inter\u00e9s en obtener recursos del programa para ampliar su capital, mejorar la calidad de su materia prima y fortalecer sus conocimientos para hacer crecer su negocio. G\u00f3mez destac\u00f3 que esta ayuda ser\u00e1 fundamental para generar m\u00e1s empleo en la regi\u00f3n y contribuir al desarrollo econ\u00f3mico de la comunidad.<\/p>\n\n\n\n<p>El Fondo Valle INN+ otorga recursos entre $2 y $5 millones para financiar la formaci\u00f3n, asesor\u00eda y adquisici\u00f3n de insumos, equipos y herramientas. Los emprendedores interesados pueden aprovechar esta oportunidad para fortalecer sus proyectos y aumentar su competitividad en el mercado. Se invita a todos los emprendedores del Valle del Cauca a revisar los t\u00e9rminos de referencia y participar en esta convocatoria, que es una excelente oportunidad para impulsar sus emprendimientos y contribuir al desarrollo econ\u00f3mico del departamento.<\/p>\n","protected":false},"excerpt":{"rendered":"<p>El Fondo Valle INN+ contin\u00faa ofreciendo oportunidades clave para los emprendedores del Valle del Cauca, y recientemente realiz\u00f3 una jornada informativa en Palmira, donde los emprendedores locales compartieron sus experiencias y expectativas respecto a la convocatoria. Esta iniciativa, que abri\u00f3 inscripciones el 10 de marzo y estar\u00e1 disponible hasta el 28 de marzo, busca apoyar [&hellip;]<\/p>\n","protected":false},"author":4,"featured_media":32017,"comment_status":"open","ping_status":"open","sticky":false,"template":"","format":"video","meta":{"footnotes":""},"categories":[10,1515],"tags":[],"class_list":["post-32009","post","type-post","status-publish","format-video","has-post-thumbnail","hentry","category-cnc-noticias-tulua","category-cnc-tulua","post_format-post-format-video"],"_links":{"self":[{"href":"https:\/\/cnctulua.tv\/index.php?rest_route=\/wp\/v2\/posts\/32009","targetHints":{"allow":["GET"]}}],"collection":[{"href":"https:\/\/cnctulua.tv\/index.php?rest_route=\/wp\/v2\/posts"}],"about":[{"href":"https:\/\/cnctulua.tv\/index.php?rest_route=\/wp\/v2\/types\/post"}],"author":[{"embeddable":true,"href":"https:\/\/cnctulua.tv\/index.php?rest_route=\/wp\/v2\/users\/4"}],"replies":[{"embeddable":true,"href":"https:\/\/cnctulua.tv\/index.php?rest_route=%2Fwp%2Fv2%2Fcomments&post=32009"}],"version-history":[{"count":1,"href":"https:\/\/cnctulua.tv\/index.php?rest_route=\/wp\/v2\/posts\/32009\/revisions"}],"predecessor-version":[{"id":32019,"href":"https:\/\/cnctulua.tv\/index.php?rest_route=\/wp\/v2\/posts\/32009\/revisions\/32019"}],"wp:featuredmedia":[{"embeddable":true,"href":"https:\/\/cnctulua.tv\/index.php?rest_route=\/wp\/v2\/media\/32017"}],"wp:attachment":[{"href":"https:\/\/cnctulua.tv\/index.php?rest_route=%2Fwp%2Fv2%2Fmedia&parent=32009"}],"wp:term":[{"taxonomy":"category","embeddable":true,"href":"https:\/\/cnctulua.tv\/index.php?rest_route=%2Fwp%2Fv2%2Fcategories&post=32009"},{"taxonomy":"post_tag","embeddable":true,"href":"https:\/\/cnctulua.tv\/index.php?rest_route=%2Fwp%2Fv2%2Ftags&post=32009"}],"curies":[{"name":"wp","href":"https:\/\/api.w.org\/{rel}","templated":true}]}}