{"id":32047,"date":"2025-03-10T17:41:21","date_gmt":"2025-03-10T17:41:21","guid":{"rendered":"https:\/\/cnctulua.tv\/?p=32047"},"modified":"2025-03-10T17:42:05","modified_gmt":"2025-03-10T17:42:05","slug":"camara-de-comercio-de-tulua-hace-llamado-a-comerciantes-para-la-renovacion-de-matricula-mercantil","status":"publish","type":"post","link":"https:\/\/cnctulua.tv\/?p=32047","title":{"rendered":"C\u00c1MARA DE COMERCIO DE TULU\u00c1 HACE LLAMADO A COMERCIANTES PARA LA RENOVACI\u00d3N DE MATR\u00cdCULA MERCANTIL."},"content":{"rendered":"\n<p>La C\u00e1mara de Comercio de Tulu\u00e1, a trav\u00e9s de su Director Jur\u00eddico, Gustavo Alonso Basto Betancur, ha lanzado un llamado urgente a todos los comerciantes del municipio para que realicen la renovaci\u00f3n de su matr\u00edcula mercantil antes del 31 de marzo de 2025. Basto Betancur destac\u00f3 la importancia de cumplir con este tr\u00e1mite para evitar sanciones y consecuencias legales que puedan afectar el desarrollo de los negocios. Adem\u00e1s, record\u00f3 que la renovaci\u00f3n del Registro Mercantil es obligatoria, seg\u00fan el art\u00edculo 19 del C\u00f3digo de Comercio, y que aquellos que no realicen este proceso a tiempo podr\u00edan perder oportunidades de contrataci\u00f3n tanto con el sector p\u00fablico como con el privado.<\/p>\n\n\n\n<figure class=\"wp-block-embed is-type-video is-provider-youtube wp-block-embed-youtube wp-embed-aspect-16-9 wp-has-aspect-ratio\"><div class=\"wp-block-embed__wrapper\">\n<iframe loading=\"lazy\" title=\"\u00a1Atenci\u00f3n comerciantes! \u00a1El 31 de marzo es la fecha l\u00edmite para renovar tu matr\u00edcula mercantil!\" width=\"640\" height=\"360\" src=\"https:\/\/www.youtube.com\/embed\/3IwlyoPJVl0?feature=oembed\" frameborder=\"0\" allow=\"accelerometer; autoplay; clipboard-write; encrypted-media; gyroscope; picture-in-picture; web-share\" referrerpolicy=\"strict-origin-when-cross-origin\" allowfullscreen><\/iframe>\n<\/div><\/figure>\n\n\n\n<p>Para facilitar el proceso, la C\u00e1mara de Comercio estar\u00e1 trabajando en jornada continua de 8:00 a.m. a 6:00 p.m. durante los dos \u00faltimos s\u00e1bados de marzo, as\u00ed como el lunes 31, d\u00eda de vencimiento del plazo. Adem\u00e1s, estar\u00e1n habilitados puntos de atenci\u00f3n en diversos sectores del municipio, incluyendo el barrio El Pr\u00edncipe y otros puntos m\u00f3viles en la jurisdicci\u00f3n. Tambi\u00e9n se recuerda a los comerciantes que pueden realizar la renovaci\u00f3n de manera r\u00e1pida y sencilla a trav\u00e9s de los canales virtuales habilitados, evitando desplazamientos y tiempos de espera.<\/p>\n\n\n\n<p>Finalmente, Basto Betancur hizo \u00e9nfasis en que los comerciantes que no est\u00e9n registrados en el Registro \u00danico de Proponentes tambi\u00e9n deben realizar la renovaci\u00f3n de este registro antes del 7 de abril de 2025, ya que la falta de actualizaci\u00f3n puede generar la cesaci\u00f3n de efectos y, por lo tanto, la p\u00e9rdida de oportunidades de negocios. La C\u00e1mara de Comercio de Tulu\u00e1 reafirma su compromiso con el apoyo y la atenci\u00f3n oportuna a los comerciantes, recordando que el cumplimiento con estos tr\u00e1mites legales es clave para el crecimiento y desarrollo de la econom\u00eda local.<\/p>\n","protected":false},"excerpt":{"rendered":"<p>La C\u00e1mara de Comercio de Tulu\u00e1, a trav\u00e9s de su Director Jur\u00eddico, Gustavo Alonso Basto Betancur, ha lanzado un llamado urgente a todos los comerciantes del municipio para que realicen la renovaci\u00f3n de su matr\u00edcula mercantil antes del 31 de marzo de 2025. Basto Betancur destac\u00f3 la importancia de cumplir con este tr\u00e1mite para evitar [&hellip;]<\/p>\n","protected":false},"author":4,"featured_media":32075,"comment_status":"open","ping_status":"open","sticky":false,"template":"","format":"video","meta":{"footnotes":""},"categories":[10,1515],"tags":[],"class_list":["post-32047","post","type-post","status-publish","format-video","has-post-thumbnail","hentry","category-cnc-noticias-tulua","category-cnc-tulua","post_format-post-format-video"],"_links":{"self":[{"href":"https:\/\/cnctulua.tv\/index.php?rest_route=\/wp\/v2\/posts\/32047","targetHints":{"allow":["GET"]}}],"collection":[{"href":"https:\/\/cnctulua.tv\/index.php?rest_route=\/wp\/v2\/posts"}],"about":[{"href":"https:\/\/cnctulua.tv\/index.php?rest_route=\/wp\/v2\/types\/post"}],"author":[{"embeddable":true,"href":"https:\/\/cnctulua.tv\/index.php?rest_route=\/wp\/v2\/users\/4"}],"replies":[{"embeddable":true,"href":"https:\/\/cnctulua.tv\/index.php?rest_route=%2Fwp%2Fv2%2Fcomments&post=32047"}],"version-history":[{"count":3,"href":"https:\/\/cnctulua.tv\/index.php?rest_route=\/wp\/v2\/posts\/32047\/revisions"}],"predecessor-version":[{"id":32108,"href":"https:\/\/cnctulua.tv\/index.php?rest_route=\/wp\/v2\/posts\/32047\/revisions\/32108"}],"wp:featuredmedia":[{"embeddable":true,"href":"https:\/\/cnctulua.tv\/index.php?rest_route=\/wp\/v2\/media\/32075"}],"wp:attachment":[{"href":"https:\/\/cnctulua.tv\/index.php?rest_route=%2Fwp%2Fv2%2Fmedia&parent=32047"}],"wp:term":[{"taxonomy":"category","embeddable":true,"href":"https:\/\/cnctulua.tv\/index.php?rest_route=%2Fwp%2Fv2%2Fcategories&post=32047"},{"taxonomy":"post_tag","embeddable":true,"href":"https:\/\/cnctulua.tv\/index.php?rest_route=%2Fwp%2Fv2%2Ftags&post=32047"}],"curies":[{"name":"wp","href":"https:\/\/api.w.org\/{rel}","templated":true}]}}