{"id":32062,"date":"2025-03-10T19:05:00","date_gmt":"2025-03-10T19:05:00","guid":{"rendered":"https:\/\/cnctulua.tv\/?p=32062"},"modified":"2025-03-10T19:05:03","modified_gmt":"2025-03-10T19:05:03","slug":"abren-inscripciones-para-la-segunda-convocatoria-del-fondo-valle-inn-en-cinco-municipios-del-valle-del-cauca","status":"publish","type":"post","link":"https:\/\/cnctulua.tv\/?p=32062","title":{"rendered":"ABREN INSCRIPCIONES PARA LA SEGUNDA CONVOCATORIA DEL FONDO VALLE INN+ EN CINCO MUNICIPIOS DEL VALLE DEL CAUCA."},"content":{"rendered":"\n<p>Desde este lunes y hasta el 28 de marzo, los emprendedores de Buenaventura, Palmira, Cartago, Tulu\u00e1 y Buga podr\u00e1n inscribirse en la segunda convocatoria del Fondo Valle INN+, un programa impulsado por la Gobernaci\u00f3n del Valle del Cauca. El objetivo de este fondo es apoyar a las unidades productivas de la regi\u00f3n mediante asesor\u00edas, insumos y herramientas que permitan el crecimiento y fortalecimiento de los emprendimientos locales.<\/p>\n\n\n\n<figure class=\"wp-block-embed is-type-video is-provider-youtube wp-block-embed-youtube wp-embed-aspect-16-9 wp-has-aspect-ratio\"><div class=\"wp-block-embed__wrapper\">\n<iframe loading=\"lazy\" title=\"El Fondo Valle INN+ abre convocatoria para apoyar a emprendedores del Valle.\" width=\"640\" height=\"360\" src=\"https:\/\/www.youtube.com\/embed\/A_FknmTY8NA?feature=oembed\" frameborder=\"0\" allow=\"accelerometer; autoplay; clipboard-write; encrypted-media; gyroscope; picture-in-picture; web-share\" referrerpolicy=\"strict-origin-when-cross-origin\" allowfullscreen><\/iframe>\n<\/div><\/figure>\n\n\n\n<p>El Secretario de Desarrollo Econ\u00f3mico, Competitividad y Fomento del Empleo, \u00d3scar Eduardo Vivas, invit\u00f3 a los emprendedores a participar en esta convocatoria y destac\u00f3 que se seleccionar\u00e1n mil beneficiarios. \u201cQueremos que todos los emprendedores de la regi\u00f3n tengan la oportunidad de beneficiarse. Si no saben a d\u00f3nde dirigirse, pueden escribir en las redes sociales de la Gobernaci\u00f3n del Valle, donde encontrar\u00e1n toda la informaci\u00f3n. Tambi\u00e9n podr\u00e1n obtener detalles en el portal web de Sigesi o dirigirse a los Centros de Desarrollo Empresarial y de Innovaci\u00f3n en sus municipios\u201d, se\u00f1al\u00f3 Vivas.<\/p>\n\n\n\n<p>El Fondo Valle INN+ tiene como prop\u00f3sito impulsar el crecimiento de los emprendimientos vallecaucanos, proporcionando formaci\u00f3n y asesor\u00edas personalizadas, adem\u00e1s de insumos y herramientas para mejorar la capacidad productiva. Los beneficiarios recibir\u00e1n no solo acompa\u00f1amiento profesional, sino tambi\u00e9n activos productivos que fortalecer\u00e1n sus negocios.<\/p>\n\n\n\n<p>Los interesados pueden conocer los t\u00e9rminos y condiciones de la convocatoria en el portal oficial del Sigesi: <a href=\"https:\/\/sigesi.valledelcauca.gov.co\/actualidad\/fondo-valleinn-mas-5-municipios\">Fondo Valle INN+<\/a>. Las inscripciones se realizar\u00e1n de forma presencial en los Centros de Desarrollo Empresarial y de Innovaci\u00f3n (C.D.E.I.) ubicados en cada uno de los municipios participantes.<\/p>\n\n\n\n<p>La Gobernaci\u00f3n del Valle del Cauca invita a todos los emprendedores de la regi\u00f3n a aprovechar esta oportunidad para potenciar sus proyectos y contribuir al desarrollo econ\u00f3mico del departamento.<\/p>\n","protected":false},"excerpt":{"rendered":"<p>Desde este lunes y hasta el 28 de marzo, los emprendedores de Buenaventura, Palmira, Cartago, Tulu\u00e1 y Buga podr\u00e1n inscribirse en la segunda convocatoria del Fondo Valle INN+, un programa impulsado por la Gobernaci\u00f3n del Valle del Cauca. El objetivo de este fondo es apoyar a las unidades productivas de la regi\u00f3n mediante asesor\u00edas, insumos [&hellip;]<\/p>\n","protected":false},"author":4,"featured_media":32119,"comment_status":"open","ping_status":"open","sticky":false,"template":"","format":"video","meta":{"footnotes":""},"categories":[10,1515],"tags":[],"class_list":["post-32062","post","type-post","status-publish","format-video","has-post-thumbnail","hentry","category-cnc-noticias-tulua","category-cnc-tulua","post_format-post-format-video"],"_links":{"self":[{"href":"https:\/\/cnctulua.tv\/index.php?rest_route=\/wp\/v2\/posts\/32062","targetHints":{"allow":["GET"]}}],"collection":[{"href":"https:\/\/cnctulua.tv\/index.php?rest_route=\/wp\/v2\/posts"}],"about":[{"href":"https:\/\/cnctulua.tv\/index.php?rest_route=\/wp\/v2\/types\/post"}],"author":[{"embeddable":true,"href":"https:\/\/cnctulua.tv\/index.php?rest_route=\/wp\/v2\/users\/4"}],"replies":[{"embeddable":true,"href":"https:\/\/cnctulua.tv\/index.php?rest_route=%2Fwp%2Fv2%2Fcomments&post=32062"}],"version-history":[{"count":1,"href":"https:\/\/cnctulua.tv\/index.php?rest_route=\/wp\/v2\/posts\/32062\/revisions"}],"predecessor-version":[{"id":32120,"href":"https:\/\/cnctulua.tv\/index.php?rest_route=\/wp\/v2\/posts\/32062\/revisions\/32120"}],"wp:featuredmedia":[{"embeddable":true,"href":"https:\/\/cnctulua.tv\/index.php?rest_route=\/wp\/v2\/media\/32119"}],"wp:attachment":[{"href":"https:\/\/cnctulua.tv\/index.php?rest_route=%2Fwp%2Fv2%2Fmedia&parent=32062"}],"wp:term":[{"taxonomy":"category","embeddable":true,"href":"https:\/\/cnctulua.tv\/index.php?rest_route=%2Fwp%2Fv2%2Fcategories&post=32062"},{"taxonomy":"post_tag","embeddable":true,"href":"https:\/\/cnctulua.tv\/index.php?rest_route=%2Fwp%2Fv2%2Ftags&post=32062"}],"curies":[{"name":"wp","href":"https:\/\/api.w.org\/{rel}","templated":true}]}}