{"id":32063,"date":"2025-03-10T19:11:35","date_gmt":"2025-03-10T19:11:35","guid":{"rendered":"https:\/\/cnctulua.tv\/?p=32063"},"modified":"2025-03-10T19:11:39","modified_gmt":"2025-03-10T19:11:39","slug":"el-gobierno-del-valle-del-cauca-refuerza-planes-de-prevencion-ante-la-temporada-de-lluvias","status":"publish","type":"post","link":"https:\/\/cnctulua.tv\/?p=32063","title":{"rendered":"EL GOBIERNO DEL VALLE DEL CAUCA REFUERZA PLANES DE PREVENCI\u00d3N ANTE LA TEMPORADA DE LLUVIAS."},"content":{"rendered":"\n<p>Con el inicio de la primera temporada de lluvias del a\u00f1o, el Gobierno del Valle del Cauca ha implementado una serie de estrategias y acciones orientadas a mitigar los riesgos derivados de las fuertes precipitaciones, ventiscas, crecientes s\u00fabitas de r\u00edos y quebradas, inundaciones y movimientos de masas. Estas medidas buscan garantizar la seguridad y el bienestar de los habitantes del departamento.<\/p>\n\n\n\n<figure class=\"wp-block-embed is-type-video is-provider-youtube wp-block-embed-youtube wp-embed-aspect-16-9 wp-has-aspect-ratio\"><div class=\"wp-block-embed__wrapper\">\n<iframe loading=\"lazy\" title=\"En marcha la preparaci\u00f3n para mitigar riesgos por fuertes lluvias y posibles emergencias.\" width=\"640\" height=\"360\" src=\"https:\/\/www.youtube.com\/embed\/OLiqKodvnGQ?feature=oembed\" frameborder=\"0\" allow=\"accelerometer; autoplay; clipboard-write; encrypted-media; gyroscope; picture-in-picture; web-share\" referrerpolicy=\"strict-origin-when-cross-origin\" allowfullscreen><\/iframe>\n<\/div><\/figure>\n\n\n\n<p>Francisco Tenorio, secretario de Gesti\u00f3n del Riesgo del Valle del Cauca, confirm\u00f3 que marzo ser\u00e1 un mes con intensas lluvias en la regi\u00f3n, lo que ha motivado a las autoridades a coordinar esfuerzos con los organismos de socorro, los coordinadores municipales y las administraciones locales. \u00abNos estamos preparando para atender cualquier emergencia que pueda surgir. Estamos trabajando de manera articulada para hacer frente a esta temporada de lluvias\u00bb, afirm\u00f3 Tenorio.<\/p>\n\n\n\n<p>La Gobernaci\u00f3n del Valle, junto al Consejo Departamental de Gesti\u00f3n del Riesgo, ha brindado apoyo continuo a los municipios, reforzando la capacidad de respuesta ante situaciones de emergencia y asegurando que cada localidad est\u00e9 preparada para hacer frente a cualquier eventualidad.<\/p>\n\n\n\n<p>En su intervenci\u00f3n, Tenorio destac\u00f3 la importancia de mantener una vigilancia constante sobre los r\u00edos y cuerpos de agua del departamento. Se record\u00f3 a la ciudadan\u00eda, en especial a quienes frecuentan las orillas de r\u00edos y quebradas, que deben estar atentos al color y al caudal del agua, ya que pueden presentarse crecientes s\u00fabitas. \u00abEs vital estar informados sobre las condiciones hidroclimatol\u00f3gicas para tomar decisiones oportunas y evitar riesgos\u00bb, advirti\u00f3 el secretario.<\/p>\n\n\n\n<p>Asimismo, se hizo un llamado a las administraciones municipales para que mantengan en \u00f3ptimas condiciones los sistemas de drenaje, como alcantarillados y rejillas de desag\u00fce, con el fin de prevenir obstrucciones que puedan generar inundaciones. Tambi\u00e9n se recomend\u00f3 a la poblaci\u00f3n realizar el mantenimiento preventivo de techos, canales y sumideros.<\/p>\n\n\n\n<p>Con el fin de reducir los posibles efectos negativos de la temporada de lluvias, el gobierno departamental reiter\u00f3 su llamado a la ciudadan\u00eda para que adopten las medidas preventivas necesarias. Estas incluyen la limpieza y el mantenimiento adecuado de sus viviendas, as\u00ed como la colaboraci\u00f3n con las autoridades en la implementaci\u00f3n de planes de emergencia.<\/p>\n\n\n\n<p>La colaboraci\u00f3n entre las autoridades departamentales, los organismos de socorro y la ciudadan\u00eda ser\u00e1 clave para minimizar los impactos de esta temporada de lluvias y garantizar una respuesta efectiva ante cualquier emergencia.<\/p>\n","protected":false},"excerpt":{"rendered":"<p>Con el inicio de la primera temporada de lluvias del a\u00f1o, el Gobierno del Valle del Cauca ha implementado una serie de estrategias y acciones orientadas a mitigar los riesgos derivados de las fuertes precipitaciones, ventiscas, crecientes s\u00fabitas de r\u00edos y quebradas, inundaciones y movimientos de masas. Estas medidas buscan garantizar la seguridad y el [&hellip;]<\/p>\n","protected":false},"author":4,"featured_media":32121,"comment_status":"open","ping_status":"open","sticky":false,"template":"","format":"video","meta":{"footnotes":""},"categories":[10,1515],"tags":[],"class_list":["post-32063","post","type-post","status-publish","format-video","has-post-thumbnail","hentry","category-cnc-noticias-tulua","category-cnc-tulua","post_format-post-format-video"],"_links":{"self":[{"href":"https:\/\/cnctulua.tv\/index.php?rest_route=\/wp\/v2\/posts\/32063","targetHints":{"allow":["GET"]}}],"collection":[{"href":"https:\/\/cnctulua.tv\/index.php?rest_route=\/wp\/v2\/posts"}],"about":[{"href":"https:\/\/cnctulua.tv\/index.php?rest_route=\/wp\/v2\/types\/post"}],"author":[{"embeddable":true,"href":"https:\/\/cnctulua.tv\/index.php?rest_route=\/wp\/v2\/users\/4"}],"replies":[{"embeddable":true,"href":"https:\/\/cnctulua.tv\/index.php?rest_route=%2Fwp%2Fv2%2Fcomments&post=32063"}],"version-history":[{"count":1,"href":"https:\/\/cnctulua.tv\/index.php?rest_route=\/wp\/v2\/posts\/32063\/revisions"}],"predecessor-version":[{"id":32122,"href":"https:\/\/cnctulua.tv\/index.php?rest_route=\/wp\/v2\/posts\/32063\/revisions\/32122"}],"wp:featuredmedia":[{"embeddable":true,"href":"https:\/\/cnctulua.tv\/index.php?rest_route=\/wp\/v2\/media\/32121"}],"wp:attachment":[{"href":"https:\/\/cnctulua.tv\/index.php?rest_route=%2Fwp%2Fv2%2Fmedia&parent=32063"}],"wp:term":[{"taxonomy":"category","embeddable":true,"href":"https:\/\/cnctulua.tv\/index.php?rest_route=%2Fwp%2Fv2%2Fcategories&post=32063"},{"taxonomy":"post_tag","embeddable":true,"href":"https:\/\/cnctulua.tv\/index.php?rest_route=%2Fwp%2Fv2%2Ftags&post=32063"}],"curies":[{"name":"wp","href":"https:\/\/api.w.org\/{rel}","templated":true}]}}