{"id":32129,"date":"2025-03-20T15:36:49","date_gmt":"2025-03-20T15:36:49","guid":{"rendered":"https:\/\/cnctulua.tv\/?p=32129"},"modified":"2025-03-20T16:11:31","modified_gmt":"2025-03-20T16:11:31","slug":"tres-integrantes-de-grupos-armados-ilegales-capturados-en-el-valle-del-cauca","status":"publish","type":"post","link":"https:\/\/cnctulua.tv\/?p=32129","title":{"rendered":"TRES INTEGRANTES DE GRUPOS ARMADOS ILEGALES CAPTURADOS EN EL VALLE DEL CAUCA."},"content":{"rendered":"\n<p>En el marco de una operaci\u00f3n conjunta realizada en los municipios de Guacar\u00ed, Buga y Cali, fueron capturados tres integrantes de grupos armados ilegales.<\/p>\n\n\n\n<figure class=\"wp-block-embed is-type-video is-provider-youtube wp-block-embed-youtube wp-embed-aspect-16-9 wp-has-aspect-ratio\"><div class=\"wp-block-embed__wrapper\">\n<iframe loading=\"lazy\" title=\"Operaci\u00f3n Conjunta: Desmantelan estructura criminal en Guacar\u00ed, Buga y Cali.\" width=\"640\" height=\"360\" src=\"https:\/\/www.youtube.com\/embed\/TWQl8qveLUw?feature=oembed\" frameborder=\"0\" allow=\"accelerometer; autoplay; clipboard-write; encrypted-media; gyroscope; picture-in-picture; web-share\" referrerpolicy=\"strict-origin-when-cross-origin\" allowfullscreen><\/iframe>\n<\/div><\/figure>\n\n\n\n<p>Los capturados, identificados como Miguel Hern\u00e1ndez, alias \u00abAra\u00f1o\u00bb, Eduardo Medina, alias \u00abWasabro\u00bb, y Pedro Rodr\u00edguez, alias \u00abPedro\u00bb, son presuntamente integrantes de las RAER Ad\u00e1n Izquierdo y Jaime Mart\u00ednez.<\/p>\n\n\n\n<p>La operaci\u00f3n permiti\u00f3 la incautaci\u00f3n de panfletos extorsivos y otros elementos de inter\u00e9s para la investigaci\u00f3n, que ser\u00e1n utilizados para desmantelar la estructura criminal de estos grupos.<\/p>\n\n\n\n<p>Los capturados enfrentar\u00e1n cargos por concierto para delinquir agravado, secuestro extorsivo, secuestro simple agravado y desplazamiento forzado.<\/p>\n\n\n\n<figure class=\"wp-block-image size-large\"><img loading=\"lazy\" decoding=\"async\" width=\"1024\" height=\"771\" src=\"https:\/\/cnctulua.tv\/wp-content\/uploads\/2025\/03\/CAPTURADO-ADAN-1-1024x771.jpeg\" alt=\"\" class=\"wp-image-32159\" srcset=\"https:\/\/cnctulua.tv\/wp-content\/uploads\/2025\/03\/CAPTURADO-ADAN-1-1024x771.jpeg 1024w, https:\/\/cnctulua.tv\/wp-content\/uploads\/2025\/03\/CAPTURADO-ADAN-1-300x226.jpeg 300w, https:\/\/cnctulua.tv\/wp-content\/uploads\/2025\/03\/CAPTURADO-ADAN-1-768x578.jpeg 768w, https:\/\/cnctulua.tv\/wp-content\/uploads\/2025\/03\/CAPTURADO-ADAN-1-1536x1156.jpeg 1536w, https:\/\/cnctulua.tv\/wp-content\/uploads\/2025\/03\/CAPTURADO-ADAN-1.jpeg 1600w\" sizes=\"auto, (max-width: 1024px) 100vw, 1024px\" \/><\/figure>\n\n\n\n<p>La captura de estos integrantes de grupos armados ilegales es un golpe significativo contra la delincuencia en la regi\u00f3n y muestra el compromiso de las autoridades con la seguridad y la justicia.<\/p>\n\n\n\n<p><\/p>\n","protected":false},"excerpt":{"rendered":"<p>En el marco de una operaci\u00f3n conjunta realizada en los municipios de Guacar\u00ed, Buga y Cali, fueron capturados tres integrantes de grupos armados ilegales. Los capturados, identificados como Miguel Hern\u00e1ndez, alias \u00abAra\u00f1o\u00bb, Eduardo Medina, alias \u00abWasabro\u00bb, y Pedro Rodr\u00edguez, alias \u00abPedro\u00bb, son presuntamente integrantes de las RAER Ad\u00e1n Izquierdo y Jaime Mart\u00ednez. La operaci\u00f3n permiti\u00f3 [&hellip;]<\/p>\n","protected":false},"author":3,"featured_media":32152,"comment_status":"open","ping_status":"open","sticky":false,"template":"","format":"video","meta":{"footnotes":""},"categories":[10,1515],"tags":[],"class_list":["post-32129","post","type-post","status-publish","format-video","has-post-thumbnail","hentry","category-cnc-noticias-tulua","category-cnc-tulua","post_format-post-format-video"],"_links":{"self":[{"href":"https:\/\/cnctulua.tv\/index.php?rest_route=\/wp\/v2\/posts\/32129","targetHints":{"allow":["GET"]}}],"collection":[{"href":"https:\/\/cnctulua.tv\/index.php?rest_route=\/wp\/v2\/posts"}],"about":[{"href":"https:\/\/cnctulua.tv\/index.php?rest_route=\/wp\/v2\/types\/post"}],"author":[{"embeddable":true,"href":"https:\/\/cnctulua.tv\/index.php?rest_route=\/wp\/v2\/users\/3"}],"replies":[{"embeddable":true,"href":"https:\/\/cnctulua.tv\/index.php?rest_route=%2Fwp%2Fv2%2Fcomments&post=32129"}],"version-history":[{"count":3,"href":"https:\/\/cnctulua.tv\/index.php?rest_route=\/wp\/v2\/posts\/32129\/revisions"}],"predecessor-version":[{"id":32160,"href":"https:\/\/cnctulua.tv\/index.php?rest_route=\/wp\/v2\/posts\/32129\/revisions\/32160"}],"wp:featuredmedia":[{"embeddable":true,"href":"https:\/\/cnctulua.tv\/index.php?rest_route=\/wp\/v2\/media\/32152"}],"wp:attachment":[{"href":"https:\/\/cnctulua.tv\/index.php?rest_route=%2Fwp%2Fv2%2Fmedia&parent=32129"}],"wp:term":[{"taxonomy":"category","embeddable":true,"href":"https:\/\/cnctulua.tv\/index.php?rest_route=%2Fwp%2Fv2%2Fcategories&post=32129"},{"taxonomy":"post_tag","embeddable":true,"href":"https:\/\/cnctulua.tv\/index.php?rest_route=%2Fwp%2Fv2%2Ftags&post=32129"}],"curies":[{"name":"wp","href":"https:\/\/api.w.org\/{rel}","templated":true}]}}