{"id":32172,"date":"2025-03-21T16:10:51","date_gmt":"2025-03-21T16:10:51","guid":{"rendered":"https:\/\/cnctulua.tv\/?p=32172"},"modified":"2025-03-21T16:10:51","modified_gmt":"2025-03-21T16:10:51","slug":"cae-alias-emilio-en-jamundi-le-incautan-armas-explosivos-y-250-dosis-de-droga","status":"publish","type":"post","link":"https:\/\/cnctulua.tv\/?p=32172","title":{"rendered":"CAE ALIAS \u2018EMILIO\u2019 EN JAMUND\u00cd: LE INCAUTAN ARMAS, EXPLOSIVOS Y 250 DOSIS DE DROGA."},"content":{"rendered":"\n<p>En un operativo liderado por la Polic\u00eda Metropolitana de Santiago de Cali, fue capturado en el municipio de Jamund\u00ed alias \u2018Emilio\u2019, se\u00f1alado como un actor clave en las actividades delictivas del frente \u201cJaime Mart\u00ednez\u201d. Seg\u00fan las autoridades, este hombre de 40 a\u00f1os era responsable del transporte y ocultamiento de armamento, as\u00ed como del financiamiento de la organizaci\u00f3n y la planeaci\u00f3n de acciones terroristas en la regi\u00f3n.<\/p>\n\n\n\n<figure class=\"wp-block-embed is-type-video is-provider-youtube wp-block-embed-youtube wp-embed-aspect-16-9 wp-has-aspect-ratio\"><div class=\"wp-block-embed__wrapper\">\n<iframe loading=\"lazy\" title=\"Capturan a alias \u2018Emilio\u2019, pieza clave del frente \u201cJaime Mart\u00ednez\u201d en Jamund\u00ed.\" width=\"640\" height=\"360\" src=\"https:\/\/www.youtube.com\/embed\/JiYxbuBpYZ0?feature=oembed\" frameborder=\"0\" allow=\"accelerometer; autoplay; clipboard-write; encrypted-media; gyroscope; picture-in-picture; web-share\" referrerpolicy=\"strict-origin-when-cross-origin\" allowfullscreen><\/iframe>\n<\/div><\/figure>\n\n\n\n<p>La captura se realiz\u00f3 en el sector conocido como La Playita, donde las autoridades ejecutaron seis diligencias de allanamiento. Durante los operativos, se hallaron una granada de fragmentaci\u00f3n, dos pistolas, nueve cartuchos 9 mm, dos proveedores, 12 cartuchos para fusil y 250 dosis de estupefacientes, entre marihuana y derivados de coca\u00edna.<\/p>\n\n\n\n<figure class=\"wp-block-image size-large\"><img loading=\"lazy\" decoding=\"async\" width=\"1024\" height=\"576\" src=\"https:\/\/cnctulua.tv\/wp-content\/uploads\/2025\/03\/WhatsApp-Image-2025-03-21-at-9.46.42-AM-1024x576.jpeg\" alt=\"\" class=\"wp-image-32191\" srcset=\"https:\/\/cnctulua.tv\/wp-content\/uploads\/2025\/03\/WhatsApp-Image-2025-03-21-at-9.46.42-AM-1024x576.jpeg 1024w, https:\/\/cnctulua.tv\/wp-content\/uploads\/2025\/03\/WhatsApp-Image-2025-03-21-at-9.46.42-AM-300x169.jpeg 300w, https:\/\/cnctulua.tv\/wp-content\/uploads\/2025\/03\/WhatsApp-Image-2025-03-21-at-9.46.42-AM-768x432.jpeg 768w, https:\/\/cnctulua.tv\/wp-content\/uploads\/2025\/03\/WhatsApp-Image-2025-03-21-at-9.46.42-AM.jpeg 1280w\" sizes=\"auto, (max-width: 1024px) 100vw, 1024px\" \/><\/figure>\n\n\n\n<p>El material incautado estaba camuflado dentro de viviendas, oculto en la vegetaci\u00f3n cercana e incluso almacenado en veh\u00edculos estacionados en la v\u00eda p\u00fablica, representando un peligro para los habitantes del sector.<\/p>\n\n\n\n<p>Im\u00e1genes obtenidas por drones fueron clave para la captura, permitiendo la ubicaci\u00f3n exacta del sospechoso y frustrando sus intentos de fuga a trav\u00e9s de casas interconectadas.<\/p>\n\n\n\n<p>Alias \u2018Emilio\u2019 fue puesto a disposici\u00f3n de la Fiscal\u00eda General de la Naci\u00f3n y un juez de control de garant\u00edas le impuso medida de aseguramiento intramural por los delitos de fabricaci\u00f3n, tr\u00e1fico y porte de armas, municiones de uso restringido y explosivos.<\/p>\n\n\n\n<p>Las autoridades reiteran su llamado a la ciudadan\u00eda para denunciar actividades sospechosas y brindar informaci\u00f3n que permita combatir la delincuencia. Para ello, se han habilitado la l\u00ednea contra el multicrimen 3143587212, la l\u00ednea de emergencia 123 y el 156 de la Red de Cooperantes, garantizando absoluta confidencialidad.<\/p>\n","protected":false},"excerpt":{"rendered":"<p>En un operativo liderado por la Polic\u00eda Metropolitana de Santiago de Cali, fue capturado en el municipio de Jamund\u00ed alias \u2018Emilio\u2019, se\u00f1alado como un actor clave en las actividades delictivas del frente \u201cJaime Mart\u00ednez\u201d. Seg\u00fan las autoridades, este hombre de 40 a\u00f1os era responsable del transporte y ocultamiento de armamento, as\u00ed como del financiamiento de [&hellip;]<\/p>\n","protected":false},"author":3,"featured_media":32190,"comment_status":"open","ping_status":"open","sticky":false,"template":"","format":"video","meta":{"footnotes":""},"categories":[10,1515],"tags":[],"class_list":["post-32172","post","type-post","status-publish","format-video","has-post-thumbnail","hentry","category-cnc-noticias-tulua","category-cnc-tulua","post_format-post-format-video"],"_links":{"self":[{"href":"https:\/\/cnctulua.tv\/index.php?rest_route=\/wp\/v2\/posts\/32172","targetHints":{"allow":["GET"]}}],"collection":[{"href":"https:\/\/cnctulua.tv\/index.php?rest_route=\/wp\/v2\/posts"}],"about":[{"href":"https:\/\/cnctulua.tv\/index.php?rest_route=\/wp\/v2\/types\/post"}],"author":[{"embeddable":true,"href":"https:\/\/cnctulua.tv\/index.php?rest_route=\/wp\/v2\/users\/3"}],"replies":[{"embeddable":true,"href":"https:\/\/cnctulua.tv\/index.php?rest_route=%2Fwp%2Fv2%2Fcomments&post=32172"}],"version-history":[{"count":1,"href":"https:\/\/cnctulua.tv\/index.php?rest_route=\/wp\/v2\/posts\/32172\/revisions"}],"predecessor-version":[{"id":32193,"href":"https:\/\/cnctulua.tv\/index.php?rest_route=\/wp\/v2\/posts\/32172\/revisions\/32193"}],"wp:featuredmedia":[{"embeddable":true,"href":"https:\/\/cnctulua.tv\/index.php?rest_route=\/wp\/v2\/media\/32190"}],"wp:attachment":[{"href":"https:\/\/cnctulua.tv\/index.php?rest_route=%2Fwp%2Fv2%2Fmedia&parent=32172"}],"wp:term":[{"taxonomy":"category","embeddable":true,"href":"https:\/\/cnctulua.tv\/index.php?rest_route=%2Fwp%2Fv2%2Fcategories&post=32172"},{"taxonomy":"post_tag","embeddable":true,"href":"https:\/\/cnctulua.tv\/index.php?rest_route=%2Fwp%2Fv2%2Ftags&post=32172"}],"curies":[{"name":"wp","href":"https:\/\/api.w.org\/{rel}","templated":true}]}}