{"id":32176,"date":"2025-03-21T18:29:10","date_gmt":"2025-03-21T18:29:10","guid":{"rendered":"https:\/\/cnctulua.tv\/?p=32176"},"modified":"2025-03-21T18:29:10","modified_gmt":"2025-03-21T18:29:10","slug":"la-plataforma-departamental-de-juventud-toma-fuerza-con-la-posesion-de-sus-nuevos-miembros","status":"publish","type":"post","link":"https:\/\/cnctulua.tv\/?p=32176","title":{"rendered":"LA PLATAFORMA DEPARTAMENTAL DE JUVENTUD TOMA FUERZA CON LA POSESI\u00d3N DE SUS NUEVOS MIEMBROS."},"content":{"rendered":"\n<p>El pasado martes, la Gobernadora del Valle, Dilian Francisca Toro, llev\u00f3 a cabo la posesi\u00f3n de los 18 j\u00f3venes que integrar\u00e1n la Plataforma Departamental de Juventud, un espacio de participaci\u00f3n clave para la juventud vallecaucana. Con esta acci\u00f3n, la Gobernaci\u00f3n busca fortalecer el liderazgo juvenil y promover una mayor involucraci\u00f3n de los j\u00f3venes en la creaci\u00f3n de pol\u00edticas p\u00fablicas que beneficien a m\u00e1s de un mill\u00f3n de j\u00f3venes en el departamento.<\/p>\n\n\n\n<figure class=\"wp-block-embed is-type-video is-provider-youtube wp-block-embed-youtube wp-embed-aspect-16-9 wp-has-aspect-ratio\"><div class=\"wp-block-embed__wrapper\">\n<iframe loading=\"lazy\" title=\"18 nuevos l\u00edderes juveniles toman las riendas de la Plataforma Departamental de Juventud.\" width=\"640\" height=\"360\" src=\"https:\/\/www.youtube.com\/embed\/QlHhUax4GQU?feature=oembed\" frameborder=\"0\" allow=\"accelerometer; autoplay; clipboard-write; encrypted-media; gyroscope; picture-in-picture; web-share\" referrerpolicy=\"strict-origin-when-cross-origin\" allowfullscreen><\/iframe>\n<\/div><\/figure>\n\n\n\n<p>La Plataforma Departamental de Juventud ser\u00e1 un actor fundamental en la difusi\u00f3n de la oferta institucional para la juventud, permitiendo que los j\u00f3venes tengan acceso a oportunidades en \u00e1reas como empleo, educaci\u00f3n y emprendimiento. Adem\u00e1s, este espacio brindar\u00e1 la posibilidad de que los j\u00f3venes incidan en la toma de decisiones que afectan directamente a sus comunidades.<\/p>\n\n\n\n<p>Julio C\u00e9sar Guzm\u00e1n, Coordinador de la Plataforma de Juventudes, se\u00f1al\u00f3 la importancia de este espacio como una herramienta para la integraci\u00f3n de j\u00f3venes de todo el Valle. \u201cEste espacio nos permite trabajar de manera conjunta con otros j\u00f3venes del Valle y tener incidencia en los municipios, algo fundamental para poder implementar proyectos que realmente impacten a la juventud\u201d, destac\u00f3 Guzm\u00e1n.<\/p>\n\n\n\n<p>Sara Ram\u00edrez, representante del Norte del Valle, expres\u00f3 su entusiasmo por los proyectos que se est\u00e1n gestando dentro de la Plataforma: \u201cVamos a ser la voz de los j\u00f3venes en mi municipio, tanto en la zona urbana como en la rural. Ya tenemos una agenda conjunta de trabajo que nos permitir\u00e1 llevar adelante proyectos de impacto para la juventud vallecaucana\u201d, afirm\u00f3.<\/p>\n\n\n\n<p>Por su parte, Carolina Caicedo, quien fue elegida por Cali, destac\u00f3 el papel de la Plataforma como un canal de contribuci\u00f3n al crecimiento del departamento. \u201cDesde la Plataforma, los j\u00f3venes vallecaucanos podemos impulsar oportunidades en educaci\u00f3n, emprendimiento y liderazgo. Es nuestro momento para fortalecer la sociedad desde el trabajo conjunto\u201d, coment\u00f3 Caicedo.<\/p>\n\n\n\n<p>El esfuerzo de la Gobernaci\u00f3n, a trav\u00e9s de programas como Valle Emplea, DigiCampus, y Fuerza Joven, ha beneficiado ya a m\u00e1s de 11,000 j\u00f3venes en el Valle, brind\u00e1ndoles acceso a formaci\u00f3n digital, oportunidades laborales y apoyo a sus emprendimientos. Estos programas han sido claves para el desarrollo econ\u00f3mico y social de la juventud vallecaucana, abriendo nuevas posibilidades de crecimiento.<\/p>\n\n\n\n<p>Con la instalaci\u00f3n de la nueva Plataforma Departamental de Juventud, se busca asegurar que los j\u00f3venes sigan siendo parte activa en la construcci\u00f3n de un futuro pr\u00f3spero para el Valle, llevando la voz y las propuestas de la juventud vallecaucana hasta las decisiones que se toman a nivel regional. La Plataforma ser\u00e1 un pilar fundamental para crear un camino lleno de oportunidades para el futuro de la regi\u00f3n.<\/p>\n","protected":false},"excerpt":{"rendered":"<p>El pasado martes, la Gobernadora del Valle, Dilian Francisca Toro, llev\u00f3 a cabo la posesi\u00f3n de los 18 j\u00f3venes que integrar\u00e1n la Plataforma Departamental de Juventud, un espacio de participaci\u00f3n clave para la juventud vallecaucana. Con esta acci\u00f3n, la Gobernaci\u00f3n busca fortalecer el liderazgo juvenil y promover una mayor involucraci\u00f3n de los j\u00f3venes en la [&hellip;]<\/p>\n","protected":false},"author":3,"featured_media":32205,"comment_status":"open","ping_status":"open","sticky":false,"template":"","format":"video","meta":{"footnotes":""},"categories":[10,1515],"tags":[],"class_list":["post-32176","post","type-post","status-publish","format-video","has-post-thumbnail","hentry","category-cnc-noticias-tulua","category-cnc-tulua","post_format-post-format-video"],"_links":{"self":[{"href":"https:\/\/cnctulua.tv\/index.php?rest_route=\/wp\/v2\/posts\/32176","targetHints":{"allow":["GET"]}}],"collection":[{"href":"https:\/\/cnctulua.tv\/index.php?rest_route=\/wp\/v2\/posts"}],"about":[{"href":"https:\/\/cnctulua.tv\/index.php?rest_route=\/wp\/v2\/types\/post"}],"author":[{"embeddable":true,"href":"https:\/\/cnctulua.tv\/index.php?rest_route=\/wp\/v2\/users\/3"}],"replies":[{"embeddable":true,"href":"https:\/\/cnctulua.tv\/index.php?rest_route=%2Fwp%2Fv2%2Fcomments&post=32176"}],"version-history":[{"count":1,"href":"https:\/\/cnctulua.tv\/index.php?rest_route=\/wp\/v2\/posts\/32176\/revisions"}],"predecessor-version":[{"id":32214,"href":"https:\/\/cnctulua.tv\/index.php?rest_route=\/wp\/v2\/posts\/32176\/revisions\/32214"}],"wp:featuredmedia":[{"embeddable":true,"href":"https:\/\/cnctulua.tv\/index.php?rest_route=\/wp\/v2\/media\/32205"}],"wp:attachment":[{"href":"https:\/\/cnctulua.tv\/index.php?rest_route=%2Fwp%2Fv2%2Fmedia&parent=32176"}],"wp:term":[{"taxonomy":"category","embeddable":true,"href":"https:\/\/cnctulua.tv\/index.php?rest_route=%2Fwp%2Fv2%2Fcategories&post=32176"},{"taxonomy":"post_tag","embeddable":true,"href":"https:\/\/cnctulua.tv\/index.php?rest_route=%2Fwp%2Fv2%2Ftags&post=32176"}],"curies":[{"name":"wp","href":"https:\/\/api.w.org\/{rel}","templated":true}]}}