{"id":32178,"date":"2025-03-21T18:06:01","date_gmt":"2025-03-21T18:06:01","guid":{"rendered":"https:\/\/cnctulua.tv\/?p=32178"},"modified":"2025-03-21T18:06:01","modified_gmt":"2025-03-21T18:06:01","slug":"emprendedores-del-valle-del-cauca-tienen-hasta-el-28-de-marzo-para-inscribirse-al-fondo-valleinn","status":"publish","type":"post","link":"https:\/\/cnctulua.tv\/?p=32178","title":{"rendered":"EMPRENDEDORES DEL VALLE DEL CAUCA TIENEN HASTA EL 28 DE MARZO PARA INSCRIBIRSE AL FONDO VALLEINN+."},"content":{"rendered":"\n<p>Los emprendedores de los municipios de Cartago, Tulu\u00e1, Buga, Palmira y Buenaventura tienen hasta el 28 de marzo para inscribirse al Fondo ValleINN+, una iniciativa dirigida a fortalecer sus negocios mediante asesor\u00edas, insumos y herramientas. Este fondo busca impulsar la competitividad y sostenibilidad de las peque\u00f1as y medianas empresas de la regi\u00f3n, con el objetivo de potenciar su desarrollo.<\/p>\n\n\n\n<figure class=\"wp-block-embed is-type-video is-provider-youtube wp-block-embed-youtube wp-embed-aspect-16-9 wp-has-aspect-ratio\"><div class=\"wp-block-embed__wrapper\">\n<iframe loading=\"lazy\" title=\"Emprendedores del Valle tienen hasta el 28 de marzo para postularse al Fondo ValleINN+.\" width=\"640\" height=\"360\" src=\"https:\/\/www.youtube.com\/embed\/xsZuu8EatKY?feature=oembed\" frameborder=\"0\" allow=\"accelerometer; autoplay; clipboard-write; encrypted-media; gyroscope; picture-in-picture; web-share\" referrerpolicy=\"strict-origin-when-cross-origin\" allowfullscreen><\/iframe>\n<\/div><\/figure>\n\n\n\n<p>El secretario de Desarrollo Econ\u00f3mico, Competitividad y Fomento del Empleo, \u00d3scar Eduardo Vivas, resalt\u00f3 la importancia de este apoyo para los emprendedores locales. Explic\u00f3 que los interesados pueden acercarse a los diferentes Centros de Desarrollo Empresarial ubicados en la Universidad del Valle de cada municipio, donde recibir\u00e1n orientaci\u00f3n y acompa\u00f1amiento personalizado para realizar su postulaci\u00f3n al fondo.<\/p>\n\n\n\n<p>Los Centros de Desarrollo Empresarial est\u00e1n ubicados en Cartago (Universidad del Valle, oficina junto al sal\u00f3n 15), Buenaventura (Universidad del Valle, segundo piso, antigua sala de profesores), Palmira (Universidad del Valle, edificio de posgrados, primer piso, oficina de emprendimiento), Buga (Oficina Territorial Centro, Calle 5 #11-76) y Tulu\u00e1 (Univalle sede principal Villa Campestre, atenci\u00f3n biblioteca y en el Centro de Rentas Departamentales, adem\u00e1s en la UCEVA, Carrera 27A salida sur #48-144).<\/p>\n\n\n\n<p>Los emprendedores tambi\u00e9n podr\u00e1n recibir asesor\u00edas personalizadas en los siguientes n\u00fameros de contacto:<\/p>\n\n\n\n<p><br>Buenaventura: 322 499 24 09<\/p>\n\n\n\n<p>Tulu\u00e1: 322 507 54 41<\/p>\n\n\n\n<p>Cartago: 322 495 35 30<\/p>\n\n\n\n<p>Palmira: 322 499 54 01<\/p>\n\n\n\n<p>Buga: 322 494 18 48<\/p>\n\n\n\n<p>Esta iniciativa representa una oportunidad clave para los empresarios que buscan fortalecer su competitividad y asegurar el crecimiento de sus negocios, con el apoyo de un fondo que ofrece recursos y herramientas para su desarrollo.<\/p>\n","protected":false},"excerpt":{"rendered":"<p>Los emprendedores de los municipios de Cartago, Tulu\u00e1, Buga, Palmira y Buenaventura tienen hasta el 28 de marzo para inscribirse al Fondo ValleINN+, una iniciativa dirigida a fortalecer sus negocios mediante asesor\u00edas, insumos y herramientas. Este fondo busca impulsar la competitividad y sostenibilidad de las peque\u00f1as y medianas empresas de la regi\u00f3n, con el objetivo [&hellip;]<\/p>\n","protected":false},"author":3,"featured_media":32210,"comment_status":"open","ping_status":"open","sticky":false,"template":"","format":"video","meta":{"footnotes":""},"categories":[10,1515],"tags":[],"class_list":["post-32178","post","type-post","status-publish","format-video","has-post-thumbnail","hentry","category-cnc-noticias-tulua","category-cnc-tulua","post_format-post-format-video"],"_links":{"self":[{"href":"https:\/\/cnctulua.tv\/index.php?rest_route=\/wp\/v2\/posts\/32178","targetHints":{"allow":["GET"]}}],"collection":[{"href":"https:\/\/cnctulua.tv\/index.php?rest_route=\/wp\/v2\/posts"}],"about":[{"href":"https:\/\/cnctulua.tv\/index.php?rest_route=\/wp\/v2\/types\/post"}],"author":[{"embeddable":true,"href":"https:\/\/cnctulua.tv\/index.php?rest_route=\/wp\/v2\/users\/3"}],"replies":[{"embeddable":true,"href":"https:\/\/cnctulua.tv\/index.php?rest_route=%2Fwp%2Fv2%2Fcomments&post=32178"}],"version-history":[{"count":1,"href":"https:\/\/cnctulua.tv\/index.php?rest_route=\/wp\/v2\/posts\/32178\/revisions"}],"predecessor-version":[{"id":32211,"href":"https:\/\/cnctulua.tv\/index.php?rest_route=\/wp\/v2\/posts\/32178\/revisions\/32211"}],"wp:featuredmedia":[{"embeddable":true,"href":"https:\/\/cnctulua.tv\/index.php?rest_route=\/wp\/v2\/media\/32210"}],"wp:attachment":[{"href":"https:\/\/cnctulua.tv\/index.php?rest_route=%2Fwp%2Fv2%2Fmedia&parent=32178"}],"wp:term":[{"taxonomy":"category","embeddable":true,"href":"https:\/\/cnctulua.tv\/index.php?rest_route=%2Fwp%2Fv2%2Fcategories&post=32178"},{"taxonomy":"post_tag","embeddable":true,"href":"https:\/\/cnctulua.tv\/index.php?rest_route=%2Fwp%2Fv2%2Ftags&post=32178"}],"curies":[{"name":"wp","href":"https:\/\/api.w.org\/{rel}","templated":true}]}}