{"id":32180,"date":"2025-03-21T18:20:21","date_gmt":"2025-03-21T18:20:21","guid":{"rendered":"https:\/\/cnctulua.tv\/?p=32180"},"modified":"2025-03-21T18:20:21","modified_gmt":"2025-03-21T18:20:21","slug":"primer-concurso-de-comparsas-en-tulua-inscripciones-abiertas-hasta-el-28-de-marzo-y-premios-para-los-mejores-grupos-de-baile","status":"publish","type":"post","link":"https:\/\/cnctulua.tv\/?p=32180","title":{"rendered":"PRIMER CONCURSO DE COMPARSAS EN TULU\u00c1: INSCRIPCIONES ABIERTAS HASTA EL 28 DE MARZO Y PREMIOS PARA LOS MEJORES GRUPOS DE BAILE."},"content":{"rendered":"\n<p>Tulu\u00e1 se prepara para un evento cultural que promete dejar huella en su 67\u00aa Feria. El Departamento Administrativo de Arte y Cultura, dirigido por Gisela Calero \u00c1lvarez, ha lanzado el Primer Concurso de Comparsas del Carnaval del Pueblo, una iniciativa que busca resaltar la creatividad y el talento de los grupos de baile locales y de municipios cercanos. El concurso, que se llevar\u00e1 a cabo el 19 de junio, tiene como objetivo principal ofrecer una plataforma para que los participantes muestren su arte, inspirados en 15 lugares emblem\u00e1ticos de Tulu\u00e1.<\/p>\n\n\n\n<figure class=\"wp-block-embed is-type-video is-provider-youtube wp-block-embed-youtube wp-embed-aspect-16-9 wp-has-aspect-ratio\"><div class=\"wp-block-embed__wrapper\">\n<iframe loading=\"lazy\" title=\"Tulu\u00e1 se prepara para el primer concurso de comparsas del Carnaval del Pueblo.\" width=\"640\" height=\"360\" src=\"https:\/\/www.youtube.com\/embed\/TcXaeDGiswo?feature=oembed\" frameborder=\"0\" allow=\"accelerometer; autoplay; clipboard-write; encrypted-media; gyroscope; picture-in-picture; web-share\" referrerpolicy=\"strict-origin-when-cross-origin\" allowfullscreen><\/iframe>\n<\/div><\/figure>\n\n\n\n<p>Con ya 10 grupos inscritos, el concurso ha generado un gran inter\u00e9s entre las comunidades locales. Adem\u00e1s de los grupos de Tulu\u00e1, se invita a municipios cercanos a formar parte del evento, d\u00e1ndole un car\u00e1cter regional que enriquecer\u00e1 la propuesta cultural. Los participantes deber\u00e1n representar, mediante sus comparsas, lugares significativos como el Cerro del Picacho, el Jard\u00edn Bot\u00e1nico, el Parque de la Guad\u00faa, y otros sitios de gran relevancia para la ciudad. La inscripci\u00f3n se puede realizar a trav\u00e9s de la p\u00e1gina oficial de la Alcald\u00eda de Tulu\u00e1, donde los interesados encontrar\u00e1n los formularios correspondientes, as\u00ed como el reglamento del concurso. Las inscripciones estar\u00e1n abiertas hasta el 28 de marzo.<\/p>\n\n\n\n<p>El concurso ofrecer\u00e1 premios atractivos que buscan incentivar la participaci\u00f3n de los grupos. El primer lugar se llevar\u00e1 10 millones de pesos, el segundo lugar 6 millones de pesos, y el tercer lugar 4 millones de pesos. Estos premios han motivado a muchos colectivos de baile a preparar comparsas con gran dedicaci\u00f3n. Adem\u00e1s de los grupos locales, el evento contar\u00e1 con la participaci\u00f3n de comparsas invitadas de otros municipios que han sido premiadas en concursos anteriores, lo que enriquecer\u00e1 la propuesta cultural y brindar\u00e1 al p\u00fablico una variedad de expresiones art\u00edsticas.<\/p>\n\n\n\n<p>Este concurso no solo tiene la intenci\u00f3n de resaltar la cultura de Tulu\u00e1, sino tambi\u00e9n de institucionalizarse en futuras ediciones. Gisela Calero \u00c1lvarez destac\u00f3 que el objetivo es que los grupos de baile se esfuercen cada vez m\u00e1s por presentar comparsas de alta calidad, haciendo de este evento una tradici\u00f3n en la ciudad. \u00abQueremos que este concurso se convierta en una celebraci\u00f3n que todos recuerden\u00bb, afirm\u00f3.<\/p>\n\n\n\n<p>El alcalde de Tulu\u00e1, Gustavo Adolfo V\u00e9lez Rom\u00e1n, ha mostrado su total apoyo a la iniciativa, subrayando la importancia de eventos como este para promover la identidad cultural del municipio y dar espacio a los artistas locales. El concurso ser\u00e1 una de las principales atracciones del 19 de junio, cuando las comparsas recorrer\u00e1n las principales calles de Tulu\u00e1, comenzando en la calle 25 con transversal 12 y culminando en el Parque Boyac\u00e1. Este desfile ser\u00e1 una verdadera fiesta llena de m\u00fasica, baile y color que espera atraer tanto a los tulue\u00f1os como a los habitantes de los municipios vecinos.<\/p>\n\n\n\n<p>Las inscripciones para el Primer Concurso de Comparsas del Carnaval del Pueblo estar\u00e1n abiertas hasta el 28 de marzo. Los grupos interesados deben ingresar a la p\u00e1gina oficial de la Alcald\u00eda de Tulu\u00e1 para llenar los formularios y revisar el reglamento del concurso. Con esta nueva propuesta cultural, Tulu\u00e1 reafirma su compromiso con la promoci\u00f3n de sus tradiciones y la valorizaci\u00f3n de su identidad, invitando a todos a ser parte de una fiesta que promete quedar en la memoria de la ciudad. \u00a1Que comience el carnaval!<\/p>\n","protected":false},"excerpt":{"rendered":"<p>Tulu\u00e1 se prepara para un evento cultural que promete dejar huella en su 67\u00aa Feria. El Departamento Administrativo de Arte y Cultura, dirigido por Gisela Calero \u00c1lvarez, ha lanzado el Primer Concurso de Comparsas del Carnaval del Pueblo, una iniciativa que busca resaltar la creatividad y el talento de los grupos de baile locales y [&hellip;]<\/p>\n","protected":false},"author":3,"featured_media":32203,"comment_status":"open","ping_status":"open","sticky":false,"template":"","format":"video","meta":{"footnotes":""},"categories":[10,1515],"tags":[],"class_list":["post-32180","post","type-post","status-publish","format-video","has-post-thumbnail","hentry","category-cnc-noticias-tulua","category-cnc-tulua","post_format-post-format-video"],"_links":{"self":[{"href":"https:\/\/cnctulua.tv\/index.php?rest_route=\/wp\/v2\/posts\/32180","targetHints":{"allow":["GET"]}}],"collection":[{"href":"https:\/\/cnctulua.tv\/index.php?rest_route=\/wp\/v2\/posts"}],"about":[{"href":"https:\/\/cnctulua.tv\/index.php?rest_route=\/wp\/v2\/types\/post"}],"author":[{"embeddable":true,"href":"https:\/\/cnctulua.tv\/index.php?rest_route=\/wp\/v2\/users\/3"}],"replies":[{"embeddable":true,"href":"https:\/\/cnctulua.tv\/index.php?rest_route=%2Fwp%2Fv2%2Fcomments&post=32180"}],"version-history":[{"count":1,"href":"https:\/\/cnctulua.tv\/index.php?rest_route=\/wp\/v2\/posts\/32180\/revisions"}],"predecessor-version":[{"id":32212,"href":"https:\/\/cnctulua.tv\/index.php?rest_route=\/wp\/v2\/posts\/32180\/revisions\/32212"}],"wp:featuredmedia":[{"embeddable":true,"href":"https:\/\/cnctulua.tv\/index.php?rest_route=\/wp\/v2\/media\/32203"}],"wp:attachment":[{"href":"https:\/\/cnctulua.tv\/index.php?rest_route=%2Fwp%2Fv2%2Fmedia&parent=32180"}],"wp:term":[{"taxonomy":"category","embeddable":true,"href":"https:\/\/cnctulua.tv\/index.php?rest_route=%2Fwp%2Fv2%2Fcategories&post=32180"},{"taxonomy":"post_tag","embeddable":true,"href":"https:\/\/cnctulua.tv\/index.php?rest_route=%2Fwp%2Fv2%2Ftags&post=32180"}],"curies":[{"name":"wp","href":"https:\/\/api.w.org\/{rel}","templated":true}]}}