{"id":32181,"date":"2025-03-21T18:49:25","date_gmt":"2025-03-21T18:49:25","guid":{"rendered":"https:\/\/cnctulua.tv\/?p=32181"},"modified":"2025-03-21T18:49:25","modified_gmt":"2025-03-21T18:49:25","slug":"jornada-de-salud-en-tulua-por-parte-de-la-superintendencia-de-salud-y-la-alcaldia-de-tulua","status":"publish","type":"post","link":"https:\/\/cnctulua.tv\/?p=32181","title":{"rendered":"JORNADA DE SALUD EN TULU\u00c1 POR PARTE DE LA SUPERINTENDENCIA DE SALUD Y LA ALCALD\u00cdA DE TULU\u00c1."},"content":{"rendered":"\n<p>La Administraci\u00f3n Municipal de Tulu\u00e1, en colaboraci\u00f3n con la Superintendencia de Salud, llev\u00f3 a cabo una jornada de salud y atenci\u00f3n a la comunidad en el Centro Comercial Bicentenario Plaza. La actividad, que se desarroll\u00f3 entre las 8:00 a.m. y 12:00 p.m., tuvo como objetivo abordar diversas problem\u00e1ticas relacionadas con el acceso a los servicios de salud en el municipio.<\/p>\n\n\n\n<figure class=\"wp-block-embed is-type-video is-provider-youtube wp-block-embed-youtube wp-embed-aspect-16-9 wp-has-aspect-ratio\"><div class=\"wp-block-embed__wrapper\">\n<iframe loading=\"lazy\" title=\"Tulu\u00e1 recibe respuestas a sus problemas de salud en el Bicentenario Plaza.\" width=\"640\" height=\"360\" src=\"https:\/\/www.youtube.com\/embed\/RZGggv1dVpM?feature=oembed\" frameborder=\"0\" allow=\"accelerometer; autoplay; clipboard-write; encrypted-media; gyroscope; picture-in-picture; web-share\" referrerpolicy=\"strict-origin-when-cross-origin\" allowfullscreen><\/iframe>\n<\/div><\/figure>\n\n\n\n<p>Durante la jornada, los habitantes de Tulu\u00e1 tuvieron la oportunidad de resolver dificultades comunes, como la falta de medicamentos, la demora en la asignaci\u00f3n de citas m\u00e9dicas y el acceso a procedimientos quir\u00fargicos. El Secretario de Salud de Tulu\u00e1, Diego Fernando S\u00e1nchez, destac\u00f3 la importancia de este tipo de iniciativas en el contexto actual del sistema de salud local. \u201cEstamos trabajando para que los problemas de los usuarios puedan ser solucionados de manera directa. Estas jornadas son una oportunidad para mejorar el acceso y la calidad en la atenci\u00f3n\u201d, coment\u00f3 S\u00e1nchez.<\/p>\n\n\n\n<p>M\u00e1s de 200 personas asistieron al Bicentenario Plaza para aprovechar la atenci\u00f3n y los servicios ofrecidos. Adem\u00e1s, la actividad sirvi\u00f3 para recordar a los ciudadanos la importancia de la prevenci\u00f3n y el acceso oportuno a la salud, puntos clave que fueron resaltados por los organizadores.<\/p>\n\n\n\n<p>El evento tambi\u00e9n brind\u00f3 una oportunidad para que los ciudadanos expresaran sus inquietudes y necesidades relacionadas con la atenci\u00f3n en salud, permitiendo que las autoridades y los actores del sector pudieran escuchar y tomar nota de los principales problemas que enfrentan los usuarios.<\/p>\n\n\n\n<p>Diego Fernando S\u00e1nchez hizo un llamado a todos los habitantes del municipio que enfrenten dificultades con sus servicios de salud a acercarse a futuras jornadas de atenci\u00f3n. \u201cEsta es solo una de varias jornadas que estamos planeando para poder seguir mejorando la calidad en la atenci\u00f3n y resolver los problemas que afectan a nuestra comunidad. Invitamos a todos a que se acerquen y aprovechen la oportunidad para solucionar cualquier inconveniente\u201d, indic\u00f3.<\/p>\n","protected":false},"excerpt":{"rendered":"<p>La Administraci\u00f3n Municipal de Tulu\u00e1, en colaboraci\u00f3n con la Superintendencia de Salud, llev\u00f3 a cabo una jornada de salud y atenci\u00f3n a la comunidad en el Centro Comercial Bicentenario Plaza. La actividad, que se desarroll\u00f3 entre las 8:00 a.m. y 12:00 p.m., tuvo como objetivo abordar diversas problem\u00e1ticas relacionadas con el acceso a los servicios [&hellip;]<\/p>\n","protected":false},"author":3,"featured_media":32216,"comment_status":"open","ping_status":"open","sticky":false,"template":"","format":"video","meta":{"footnotes":""},"categories":[10,1515],"tags":[],"class_list":["post-32181","post","type-post","status-publish","format-video","has-post-thumbnail","hentry","category-cnc-noticias-tulua","category-cnc-tulua","post_format-post-format-video"],"_links":{"self":[{"href":"https:\/\/cnctulua.tv\/index.php?rest_route=\/wp\/v2\/posts\/32181","targetHints":{"allow":["GET"]}}],"collection":[{"href":"https:\/\/cnctulua.tv\/index.php?rest_route=\/wp\/v2\/posts"}],"about":[{"href":"https:\/\/cnctulua.tv\/index.php?rest_route=\/wp\/v2\/types\/post"}],"author":[{"embeddable":true,"href":"https:\/\/cnctulua.tv\/index.php?rest_route=\/wp\/v2\/users\/3"}],"replies":[{"embeddable":true,"href":"https:\/\/cnctulua.tv\/index.php?rest_route=%2Fwp%2Fv2%2Fcomments&post=32181"}],"version-history":[{"count":1,"href":"https:\/\/cnctulua.tv\/index.php?rest_route=\/wp\/v2\/posts\/32181\/revisions"}],"predecessor-version":[{"id":32217,"href":"https:\/\/cnctulua.tv\/index.php?rest_route=\/wp\/v2\/posts\/32181\/revisions\/32217"}],"wp:featuredmedia":[{"embeddable":true,"href":"https:\/\/cnctulua.tv\/index.php?rest_route=\/wp\/v2\/media\/32216"}],"wp:attachment":[{"href":"https:\/\/cnctulua.tv\/index.php?rest_route=%2Fwp%2Fv2%2Fmedia&parent=32181"}],"wp:term":[{"taxonomy":"category","embeddable":true,"href":"https:\/\/cnctulua.tv\/index.php?rest_route=%2Fwp%2Fv2%2Fcategories&post=32181"},{"taxonomy":"post_tag","embeddable":true,"href":"https:\/\/cnctulua.tv\/index.php?rest_route=%2Fwp%2Fv2%2Ftags&post=32181"}],"curies":[{"name":"wp","href":"https:\/\/api.w.org\/{rel}","templated":true}]}}