{"id":32220,"date":"2025-03-25T17:07:18","date_gmt":"2025-03-25T17:07:18","guid":{"rendered":"https:\/\/cnctulua.tv\/?p=32220"},"modified":"2025-03-25T17:10:38","modified_gmt":"2025-03-25T17:10:38","slug":"gustavo-alvarez-gardeazabal-rinde-sentido-homenaje-al-doctor-gonzalo-lopez-arango-en-su-88-cumpleanos","status":"publish","type":"post","link":"https:\/\/cnctulua.tv\/?p=32220","title":{"rendered":"GUSTAVO \u00c1LVAREZ GARDEAZABAL RINDE SENTIDO HOMENAJE AL DOCTOR GONZALO L\u00d3PEZ ARANGO EN SU 88 CUMPLEA\u00d1OS."},"content":{"rendered":"\n<p>El pasado s\u00e1bado 22 de marzo, el escritor Gustavo \u00c1lvarez Gardeazabal particip\u00f3 en un homenaje organizado por el Centro de Historia de Tulu\u00e1 en honor al doctor Gonzalo L\u00f3pez Arango, quien celebr\u00f3 sus 88 a\u00f1os de vida. La ceremonia, que tuvo lugar en la capilla de los Osarios de los Salesianos, incluy\u00f3 una misa para reconocer su trayectoria de m\u00e1s de seis d\u00e9cadas de servicio en diversos campos de la vida p\u00fablica, judicial y empresarial de Tulu\u00e1.<\/p>\n\n\n\n<figure class=\"wp-block-embed is-type-video is-provider-youtube wp-block-embed-youtube wp-embed-aspect-16-9 wp-has-aspect-ratio\"><div class=\"wp-block-embed__wrapper\">\n<iframe loading=\"lazy\" title=\"Homenaje al Doctor Gonzalo L\u00f3pez Arango en sus 88 a\u00f1os.\" width=\"640\" height=\"360\" src=\"https:\/\/www.youtube.com\/embed\/IaKhAfVUZOQ?feature=oembed\" frameborder=\"0\" allow=\"accelerometer; autoplay; clipboard-write; encrypted-media; gyroscope; picture-in-picture; web-share\" referrerpolicy=\"strict-origin-when-cross-origin\" allowfullscreen><\/iframe>\n<\/div><\/figure>\n\n\n\n<p>Durante el evento, \u00c1lvarez Gardeazabal se dirigi\u00f3 a los presentes con palabras de admiraci\u00f3n hacia L\u00f3pez Arango, destacando la importancia de reconocer a las personas en vida por sus contribuciones a la comunidad. \u00abEl doctor Gonzalo ha trabajado incansablemente por Tulu\u00e1 y por el Valle del Cauca, siempre con severidad, honestidad y un esp\u00edritu cordial. Es un honor estar aqu\u00ed hoy para reconocer su gran val\u00eda\u00bb, expres\u00f3 el escritor.<\/p>\n\n\n\n<figure class=\"wp-block-image size-full\"><img loading=\"lazy\" decoding=\"async\" width=\"853\" height=\"719\" src=\"https:\/\/cnctulua.tv\/wp-content\/uploads\/2025\/03\/GGGGGGGGGGGGGG-1.png\" alt=\"\" class=\"wp-image-32268\" srcset=\"https:\/\/cnctulua.tv\/wp-content\/uploads\/2025\/03\/GGGGGGGGGGGGGG-1.png 853w, https:\/\/cnctulua.tv\/wp-content\/uploads\/2025\/03\/GGGGGGGGGGGGGG-1-300x253.png 300w, https:\/\/cnctulua.tv\/wp-content\/uploads\/2025\/03\/GGGGGGGGGGGGGG-1-768x647.png 768w\" sizes=\"auto, (max-width: 853px) 100vw, 853px\" \/><\/figure>\n\n\n\n<p>\u00c1lvarez Gardeazabal, quien ha sido testigo cercano de gran parte de la vida del homenajeado, reflexion\u00f3 sobre el papel que L\u00f3pez Arango ha jugado en la historia de la ciudad. \u00abEste homenaje no solo resalta su labor como abogado, pol\u00edtico y l\u00edder, sino tambi\u00e9n su car\u00e1cter como ser humano: un hombre amable, justo y siempre dispuesto a colaborar con su comunidad\u00bb, afirm\u00f3.<\/p>\n\n\n\n<p>El escritor tambi\u00e9n enfatiz\u00f3 la importancia de rendir homenajes en vida, algo que considera esencial para honrar a quienes han dejado una huella significativa en la regi\u00f3n. Seg\u00fan \u00c1lvarez Gardeazabal, el reconocimiento al doctor Gonzalo L\u00f3pez Arango no solo es un acto de gratitud, sino tambi\u00e9n una forma de reafirmar los valores de servicio y compromiso que han marcado su vida.<\/p>\n\n\n\n<p>La ceremonia fue un momento de reflexi\u00f3n y homenaje, en el que las palabras del escritor dejaron claro el respeto y la admiraci\u00f3n hacia una figura clave en la historia de Tulu\u00e1. El homenaje a L\u00f3pez Arango se convirti\u00f3 as\u00ed en un acto simb\u00f3lico que destac\u00f3 la importancia de reconocer el trabajo y la dedicaci\u00f3n de quienes, como \u00e9l, han sido pilares fundamentales del desarrollo y bienestar de la ciudad.<\/p>\n","protected":false},"excerpt":{"rendered":"<p>El pasado s\u00e1bado 22 de marzo, el escritor Gustavo \u00c1lvarez Gardeazabal particip\u00f3 en un homenaje organizado por el Centro de Historia de Tulu\u00e1 en honor al doctor Gonzalo L\u00f3pez Arango, quien celebr\u00f3 sus 88 a\u00f1os de vida. La ceremonia, que tuvo lugar en la capilla de los Osarios de los Salesianos, incluy\u00f3 una misa para [&hellip;]<\/p>\n","protected":false},"author":3,"featured_media":32269,"comment_status":"open","ping_status":"open","sticky":false,"template":"","format":"video","meta":{"footnotes":""},"categories":[10,1515],"tags":[],"class_list":["post-32220","post","type-post","status-publish","format-video","has-post-thumbnail","hentry","category-cnc-noticias-tulua","category-cnc-tulua","post_format-post-format-video"],"_links":{"self":[{"href":"https:\/\/cnctulua.tv\/index.php?rest_route=\/wp\/v2\/posts\/32220","targetHints":{"allow":["GET"]}}],"collection":[{"href":"https:\/\/cnctulua.tv\/index.php?rest_route=\/wp\/v2\/posts"}],"about":[{"href":"https:\/\/cnctulua.tv\/index.php?rest_route=\/wp\/v2\/types\/post"}],"author":[{"embeddable":true,"href":"https:\/\/cnctulua.tv\/index.php?rest_route=\/wp\/v2\/users\/3"}],"replies":[{"embeddable":true,"href":"https:\/\/cnctulua.tv\/index.php?rest_route=%2Fwp%2Fv2%2Fcomments&post=32220"}],"version-history":[{"count":3,"href":"https:\/\/cnctulua.tv\/index.php?rest_route=\/wp\/v2\/posts\/32220\/revisions"}],"predecessor-version":[{"id":32270,"href":"https:\/\/cnctulua.tv\/index.php?rest_route=\/wp\/v2\/posts\/32220\/revisions\/32270"}],"wp:featuredmedia":[{"embeddable":true,"href":"https:\/\/cnctulua.tv\/index.php?rest_route=\/wp\/v2\/media\/32269"}],"wp:attachment":[{"href":"https:\/\/cnctulua.tv\/index.php?rest_route=%2Fwp%2Fv2%2Fmedia&parent=32220"}],"wp:term":[{"taxonomy":"category","embeddable":true,"href":"https:\/\/cnctulua.tv\/index.php?rest_route=%2Fwp%2Fv2%2Fcategories&post=32220"},{"taxonomy":"post_tag","embeddable":true,"href":"https:\/\/cnctulua.tv\/index.php?rest_route=%2Fwp%2Fv2%2Ftags&post=32220"}],"curies":[{"name":"wp","href":"https:\/\/api.w.org\/{rel}","templated":true}]}}