{"id":32295,"date":"2025-03-26T18:48:27","date_gmt":"2025-03-26T18:48:27","guid":{"rendered":"https:\/\/cnctulua.tv\/?p=32295"},"modified":"2025-03-26T18:48:27","modified_gmt":"2025-03-26T18:48:27","slug":"voleibol-masculino-de-andalucia-en-su-mejor-momento-rumbo-a-los-juegos-superate-2025","status":"publish","type":"post","link":"https:\/\/cnctulua.tv\/?p=32295","title":{"rendered":"VOLEIBOL MASCULINO DE ANDALUC\u00cdA EN SU MEJOR MOMENTO: \u00a1RUMBO A LOS JUEGOS SUP\u00c9RATE 2025!"},"content":{"rendered":"\n<p>La selecci\u00f3n de voleibol masculino de Andaluc\u00eda est\u00e1 en plena preparaci\u00f3n para su participaci\u00f3n en el torneo nacional de la categor\u00eda menores, que se llevar\u00e1 a cabo en el mes de abril. En el segundo encuentro de esta temporada, que se desarroll\u00f3 en el coliseo de la instituci\u00f3n educativa Ele\u00e1zar Libreros Salamanca, se evidenci\u00f3 un nivel competitivo alto, con la participaci\u00f3n de varios equipos de diferentes municipios. Este evento forma parte de la estrategia de los Juegos Sup\u00e9rate 2025 y Prospecto 2026, adem\u00e1s de los Juegos Departamentales.<\/p>\n\n\n\n<figure class=\"wp-block-embed is-type-video is-provider-youtube wp-block-embed-youtube wp-embed-aspect-16-9 wp-has-aspect-ratio\"><div class=\"wp-block-embed__wrapper\">\n<iframe loading=\"lazy\" title=\"La selecci\u00f3n de voleibol de Andaluc\u00eda se prepara para enfrentar a los mejores del pa\u00eds.\" width=\"640\" height=\"360\" src=\"https:\/\/www.youtube.com\/embed\/B-FPv8POjS0?feature=oembed\" frameborder=\"0\" allow=\"accelerometer; autoplay; clipboard-write; encrypted-media; gyroscope; picture-in-picture; web-share\" referrerpolicy=\"strict-origin-when-cross-origin\" allowfullscreen><\/iframe>\n<\/div><\/figure>\n\n\n\n<p>Robert L\u00f3pez Jim\u00e9nez, monitor del equipo, destac\u00f3 que la disciplina y el compromiso de los jugadores se han mantenido a lo largo de la preparaci\u00f3n. \u00abEstamos cada d\u00eda m\u00e1s enfocados en los entrenamientos y en la mejora del equipo. La respuesta del p\u00fablico ha sido incre\u00edble, cada vez hay m\u00e1s apoyo para el voleibol masculino en la regi\u00f3n\u00bb, expres\u00f3 L\u00f3pez. Adem\u00e1s, mencion\u00f3 que el torneo del 16 y 17 de abril ser\u00e1 el evento m\u00e1s importante hasta el momento, con equipos confirmados de Bogot\u00e1, Tolima, Cundinamarca, Antioquia y Quind\u00edo.<\/p>\n\n\n\n<figure class=\"wp-block-image size-large\"><img loading=\"lazy\" decoding=\"async\" width=\"1024\" height=\"559\" src=\"https:\/\/cnctulua.tv\/wp-content\/uploads\/2025\/03\/voleibol-1024x559.png\" alt=\"\" class=\"wp-image-32321\" srcset=\"https:\/\/cnctulua.tv\/wp-content\/uploads\/2025\/03\/voleibol-1024x559.png 1024w, https:\/\/cnctulua.tv\/wp-content\/uploads\/2025\/03\/voleibol-300x164.png 300w, https:\/\/cnctulua.tv\/wp-content\/uploads\/2025\/03\/voleibol-768x419.png 768w, https:\/\/cnctulua.tv\/wp-content\/uploads\/2025\/03\/voleibol.png 1162w\" sizes=\"auto, (max-width: 1024px) 100vw, 1024px\" \/><\/figure>\n\n\n\n<p><\/p>\n\n\n\n<p>Con el apoyo de la comunidad andaluza, la selecci\u00f3n local espera hacer una destacada actuaci\u00f3n en este torneo nacional, que ser\u00e1 la vitrina perfecta para mostrar el talento y el nivel de la regi\u00f3n en el voleibol masculino. Sof\u00eda Sanclemente Z\u00fa\u00f1iga, quien se desempe\u00f1a como jurado en estos eventos, tambi\u00e9n resalt\u00f3 la importancia de estas actividades, pues brindan un espacio para la integraci\u00f3n y el fomento del deporte en los j\u00f3venes.<\/p>\n\n\n\n<p>Con la mira en abril, los equipos siguen afinando detalles para garantizar una participaci\u00f3n exitosa en el campeonato nacional. Los organizadores invitan a todos los amantes del voleibol a apoyar a sus equipos locales y disfrutar de un espect\u00e1culo deportivo de alto nivel.<\/p>\n","protected":false},"excerpt":{"rendered":"<p>La selecci\u00f3n de voleibol masculino de Andaluc\u00eda est\u00e1 en plena preparaci\u00f3n para su participaci\u00f3n en el torneo nacional de la categor\u00eda menores, que se llevar\u00e1 a cabo en el mes de abril. En el segundo encuentro de esta temporada, que se desarroll\u00f3 en el coliseo de la instituci\u00f3n educativa Ele\u00e1zar Libreros Salamanca, se evidenci\u00f3 un [&hellip;]<\/p>\n","protected":false},"author":3,"featured_media":32320,"comment_status":"open","ping_status":"open","sticky":false,"template":"","format":"video","meta":{"footnotes":""},"categories":[10,1515],"tags":[],"class_list":["post-32295","post","type-post","status-publish","format-video","has-post-thumbnail","hentry","category-cnc-noticias-tulua","category-cnc-tulua","post_format-post-format-video"],"_links":{"self":[{"href":"https:\/\/cnctulua.tv\/index.php?rest_route=\/wp\/v2\/posts\/32295","targetHints":{"allow":["GET"]}}],"collection":[{"href":"https:\/\/cnctulua.tv\/index.php?rest_route=\/wp\/v2\/posts"}],"about":[{"href":"https:\/\/cnctulua.tv\/index.php?rest_route=\/wp\/v2\/types\/post"}],"author":[{"embeddable":true,"href":"https:\/\/cnctulua.tv\/index.php?rest_route=\/wp\/v2\/users\/3"}],"replies":[{"embeddable":true,"href":"https:\/\/cnctulua.tv\/index.php?rest_route=%2Fwp%2Fv2%2Fcomments&post=32295"}],"version-history":[{"count":1,"href":"https:\/\/cnctulua.tv\/index.php?rest_route=\/wp\/v2\/posts\/32295\/revisions"}],"predecessor-version":[{"id":32353,"href":"https:\/\/cnctulua.tv\/index.php?rest_route=\/wp\/v2\/posts\/32295\/revisions\/32353"}],"wp:featuredmedia":[{"embeddable":true,"href":"https:\/\/cnctulua.tv\/index.php?rest_route=\/wp\/v2\/media\/32320"}],"wp:attachment":[{"href":"https:\/\/cnctulua.tv\/index.php?rest_route=%2Fwp%2Fv2%2Fmedia&parent=32295"}],"wp:term":[{"taxonomy":"category","embeddable":true,"href":"https:\/\/cnctulua.tv\/index.php?rest_route=%2Fwp%2Fv2%2Fcategories&post=32295"},{"taxonomy":"post_tag","embeddable":true,"href":"https:\/\/cnctulua.tv\/index.php?rest_route=%2Fwp%2Fv2%2Ftags&post=32295"}],"curies":[{"name":"wp","href":"https:\/\/api.w.org\/{rel}","templated":true}]}}