{"id":32297,"date":"2025-03-26T18:21:45","date_gmt":"2025-03-26T18:21:45","guid":{"rendered":"https:\/\/cnctulua.tv\/?p=32297"},"modified":"2025-03-26T18:21:45","modified_gmt":"2025-03-26T18:21:45","slug":"capturan-a-cabecilla-de-sanguinario-grupo-armado-frente-57-con-injerencia-en-tulua-y-sevilla","status":"publish","type":"post","link":"https:\/\/cnctulua.tv\/?p=32297","title":{"rendered":"CAPTURAN A CABECILLA DE SANGUINARIO GRUPO ARMADO &#8216;FRENTE 57&#8217; CON INJERENCIA EN TULU\u00c1 Y SEVILLA."},"content":{"rendered":"\n<p>La Polic\u00eda Nacional, en conjunto con el Ej\u00e9rcito Nacional y la Fiscal\u00eda General de la Naci\u00f3n, logr\u00f3 la captura de alias \u00abJuli\u00e1n\u00bb o \u00abPirri\u00bb, presunto tercer cabecilla del \u00abFrente 57 Yair Berm\u00fadez\u00bb, en el municipio de Granada, Meta. La captura se dio luego de una investigaci\u00f3n minuciosa que incluy\u00f3 la recolecci\u00f3n de materiales probatorios y la colaboraci\u00f3n de la comunidad local.<\/p>\n\n\n\n<figure class=\"wp-block-embed is-type-video is-provider-youtube wp-block-embed-youtube wp-embed-aspect-16-9 wp-has-aspect-ratio\"><div class=\"wp-block-embed__wrapper\">\n<iframe loading=\"lazy\" title=\"Captura de alias &quot;Juli\u00e1n&quot; desmantela red delictiva del &quot;Frente 57 Yair Berm\u00fadez&quot;\" width=\"640\" height=\"360\" src=\"https:\/\/www.youtube.com\/embed\/PGCybWFm5gw?feature=oembed\" frameborder=\"0\" allow=\"accelerometer; autoplay; clipboard-write; encrypted-media; gyroscope; picture-in-picture; web-share\" referrerpolicy=\"strict-origin-when-cross-origin\" allowfullscreen><\/iframe>\n<\/div><\/figure>\n\n\n\n<p>Andr\u00e9s Campo, conocido en el mundo criminal como \u00abJuli\u00e1n\u00bb, es se\u00f1alado de ser uno de los principales responsables de coordinar el reclutamiento de personas para las filas del grupo armado ilegal y de realizar alianzas con la Segunda Marquetalia, liderada por alias \u00abCalarc\u00e1\u00bb. Adem\u00e1s, se le imputan delitos como homicidios selectivos, extorsiones, secuestros y tr\u00e1fico de armas, especialmente en los municipios de Tulu\u00e1 y Sevilla, en el Valle del Cauca.<\/p>\n\n\n\n<p>La captura se logr\u00f3 gracias a una operaci\u00f3n articulada entre la Seccional de Investigaci\u00f3n Criminal e Interpol (SIJIN), la Seccional de Inteligencia Policial (SIPOL) y miembros del Ej\u00e9rcito Nacional. El operativo tuvo lugar en el barrio Montoya de Granada, donde se materializ\u00f3 la orden de captura emitida por el Juzgado 102 Penal Municipal con funciones de garant\u00edas ambulante de Buga (Valle del Cauca).<\/p>\n\n\n\n<p>El capturado, de 32 a\u00f1os y natural de Popay\u00e1n, fue puesto a disposici\u00f3n de las autoridades competentes. Un juez de la Rep\u00fablica le dict\u00f3 medida intramural en un centro penitenciario, donde deber\u00e1 responder por los delitos que se le imputan. La Polic\u00eda Nacional y el Ej\u00e9rcito contin\u00faan trabajando en conjunto para combatir el accionar de las estructuras criminales que afectan la seguridad de los habitantes del Valle del Cauca y otras regiones del pa\u00eds.<\/p>\n","protected":false},"excerpt":{"rendered":"<p>La Polic\u00eda Nacional, en conjunto con el Ej\u00e9rcito Nacional y la Fiscal\u00eda General de la Naci\u00f3n, logr\u00f3 la captura de alias \u00abJuli\u00e1n\u00bb o \u00abPirri\u00bb, presunto tercer cabecilla del \u00abFrente 57 Yair Berm\u00fadez\u00bb, en el municipio de Granada, Meta. La captura se dio luego de una investigaci\u00f3n minuciosa que incluy\u00f3 la recolecci\u00f3n de materiales probatorios y [&hellip;]<\/p>\n","protected":false},"author":3,"featured_media":32345,"comment_status":"open","ping_status":"open","sticky":false,"template":"","format":"video","meta":{"footnotes":""},"categories":[10,1515],"tags":[],"class_list":["post-32297","post","type-post","status-publish","format-video","has-post-thumbnail","hentry","category-cnc-noticias-tulua","category-cnc-tulua","post_format-post-format-video"],"_links":{"self":[{"href":"https:\/\/cnctulua.tv\/index.php?rest_route=\/wp\/v2\/posts\/32297","targetHints":{"allow":["GET"]}}],"collection":[{"href":"https:\/\/cnctulua.tv\/index.php?rest_route=\/wp\/v2\/posts"}],"about":[{"href":"https:\/\/cnctulua.tv\/index.php?rest_route=\/wp\/v2\/types\/post"}],"author":[{"embeddable":true,"href":"https:\/\/cnctulua.tv\/index.php?rest_route=\/wp\/v2\/users\/3"}],"replies":[{"embeddable":true,"href":"https:\/\/cnctulua.tv\/index.php?rest_route=%2Fwp%2Fv2%2Fcomments&post=32297"}],"version-history":[{"count":1,"href":"https:\/\/cnctulua.tv\/index.php?rest_route=\/wp\/v2\/posts\/32297\/revisions"}],"predecessor-version":[{"id":32348,"href":"https:\/\/cnctulua.tv\/index.php?rest_route=\/wp\/v2\/posts\/32297\/revisions\/32348"}],"wp:featuredmedia":[{"embeddable":true,"href":"https:\/\/cnctulua.tv\/index.php?rest_route=\/wp\/v2\/media\/32345"}],"wp:attachment":[{"href":"https:\/\/cnctulua.tv\/index.php?rest_route=%2Fwp%2Fv2%2Fmedia&parent=32297"}],"wp:term":[{"taxonomy":"category","embeddable":true,"href":"https:\/\/cnctulua.tv\/index.php?rest_route=%2Fwp%2Fv2%2Fcategories&post=32297"},{"taxonomy":"post_tag","embeddable":true,"href":"https:\/\/cnctulua.tv\/index.php?rest_route=%2Fwp%2Fv2%2Ftags&post=32297"}],"curies":[{"name":"wp","href":"https:\/\/api.w.org\/{rel}","templated":true}]}}