{"id":32300,"date":"2025-03-26T18:59:49","date_gmt":"2025-03-26T18:59:49","guid":{"rendered":"https:\/\/cnctulua.tv\/?p=32300"},"modified":"2025-03-26T18:59:49","modified_gmt":"2025-03-26T18:59:49","slug":"mas-espacio-para-todos-el-parque-san-pedro-claver-de-tulua-transforma-su-infraestructura","status":"publish","type":"post","link":"https:\/\/cnctulua.tv\/?p=32300","title":{"rendered":"\u00a1M\u00c1S ESPACIO PARA TODOS! EL PARQUE SAN PEDRO CLAVER DE TULU\u00c1 TRANSFORMA SU INFRAESTRUCTURA."},"content":{"rendered":"\n<p>El Parque San Pedro Claver fue oficialmente entregado a la comunidad luego de una serie de trabajos de remodelaci\u00f3n que mejoraron significativamente el espacio p\u00fablico. La ceremonia cont\u00f3 con la presencia de representantes del gobierno local y miembros de la Junta de Acci\u00f3n Comunal.<\/p>\n\n\n\n<figure class=\"wp-block-embed is-type-video is-provider-youtube wp-block-embed-youtube wp-embed-aspect-16-9 wp-has-aspect-ratio\"><div class=\"wp-block-embed__wrapper\">\n<iframe loading=\"lazy\" title=\"\u00a1El Parque San Pedro Claver se renueva! descubre sus nuevas instalaciones.\" width=\"640\" height=\"360\" src=\"https:\/\/www.youtube.com\/embed\/5p8ck2AY9VI?feature=oembed\" frameborder=\"0\" allow=\"accelerometer; autoplay; clipboard-write; encrypted-media; gyroscope; picture-in-picture; web-share\" referrerpolicy=\"strict-origin-when-cross-origin\" allowfullscreen><\/iframe>\n<\/div><\/figure>\n\n\n\n<p>Las obras incluyeron la demarcaci\u00f3n de una cancha, la instalaci\u00f3n de nuevos juegos infantiles, la pintura y el mantenimiento de las bancas, adem\u00e1s de trabajos de paisajismo y la construcci\u00f3n de andenes accesibles para personas con movilidad reducida. Tambi\u00e9n se instalaron nuevas porter\u00edas, se reforz\u00f3 la grader\u00eda en concreto, se remodel\u00f3 el resbaladero y se colocaron mesas y bancas de concreto, modernizando as\u00ed las instalaciones.<\/p>\n\n\n\n<figure class=\"wp-block-image size-large\"><img loading=\"lazy\" decoding=\"async\" width=\"1024\" height=\"682\" src=\"https:\/\/cnctulua.tv\/wp-content\/uploads\/2025\/03\/WhatsApp-Image-2025-03-25-at-6.13.24-PM-1024x682.jpeg\" alt=\"\" class=\"wp-image-32352\" srcset=\"https:\/\/cnctulua.tv\/wp-content\/uploads\/2025\/03\/WhatsApp-Image-2025-03-25-at-6.13.24-PM-1024x682.jpeg 1024w, https:\/\/cnctulua.tv\/wp-content\/uploads\/2025\/03\/WhatsApp-Image-2025-03-25-at-6.13.24-PM-300x200.jpeg 300w, https:\/\/cnctulua.tv\/wp-content\/uploads\/2025\/03\/WhatsApp-Image-2025-03-25-at-6.13.24-PM-768x512.jpeg 768w, https:\/\/cnctulua.tv\/wp-content\/uploads\/2025\/03\/WhatsApp-Image-2025-03-25-at-6.13.24-PM-1536x1023.jpeg 1536w, https:\/\/cnctulua.tv\/wp-content\/uploads\/2025\/03\/WhatsApp-Image-2025-03-25-at-6.13.24-PM.jpeg 1600w\" sizes=\"auto, (max-width: 1024px) 100vw, 1024px\" \/><\/figure>\n\n\n\n<p>Con estas mejoras, el renovado parque se convierte en un espacio m\u00e1s accesible y adecuado para el disfrute y la recreaci\u00f3n de la comunidad de San Pedro Claver.<\/p>\n","protected":false},"excerpt":{"rendered":"<p>El Parque San Pedro Claver fue oficialmente entregado a la comunidad luego de una serie de trabajos de remodelaci\u00f3n que mejoraron significativamente el espacio p\u00fablico. La ceremonia cont\u00f3 con la presencia de representantes del gobierno local y miembros de la Junta de Acci\u00f3n Comunal. Las obras incluyeron la demarcaci\u00f3n de una cancha, la instalaci\u00f3n de [&hellip;]<\/p>\n","protected":false},"author":3,"featured_media":32351,"comment_status":"open","ping_status":"open","sticky":false,"template":"","format":"video","meta":{"footnotes":""},"categories":[10,1515],"tags":[],"class_list":["post-32300","post","type-post","status-publish","format-video","has-post-thumbnail","hentry","category-cnc-noticias-tulua","category-cnc-tulua","post_format-post-format-video"],"_links":{"self":[{"href":"https:\/\/cnctulua.tv\/index.php?rest_route=\/wp\/v2\/posts\/32300","targetHints":{"allow":["GET"]}}],"collection":[{"href":"https:\/\/cnctulua.tv\/index.php?rest_route=\/wp\/v2\/posts"}],"about":[{"href":"https:\/\/cnctulua.tv\/index.php?rest_route=\/wp\/v2\/types\/post"}],"author":[{"embeddable":true,"href":"https:\/\/cnctulua.tv\/index.php?rest_route=\/wp\/v2\/users\/3"}],"replies":[{"embeddable":true,"href":"https:\/\/cnctulua.tv\/index.php?rest_route=%2Fwp%2Fv2%2Fcomments&post=32300"}],"version-history":[{"count":1,"href":"https:\/\/cnctulua.tv\/index.php?rest_route=\/wp\/v2\/posts\/32300\/revisions"}],"predecessor-version":[{"id":32356,"href":"https:\/\/cnctulua.tv\/index.php?rest_route=\/wp\/v2\/posts\/32300\/revisions\/32356"}],"wp:featuredmedia":[{"embeddable":true,"href":"https:\/\/cnctulua.tv\/index.php?rest_route=\/wp\/v2\/media\/32351"}],"wp:attachment":[{"href":"https:\/\/cnctulua.tv\/index.php?rest_route=%2Fwp%2Fv2%2Fmedia&parent=32300"}],"wp:term":[{"taxonomy":"category","embeddable":true,"href":"https:\/\/cnctulua.tv\/index.php?rest_route=%2Fwp%2Fv2%2Fcategories&post=32300"},{"taxonomy":"post_tag","embeddable":true,"href":"https:\/\/cnctulua.tv\/index.php?rest_route=%2Fwp%2Fv2%2Ftags&post=32300"}],"curies":[{"name":"wp","href":"https:\/\/api.w.org\/{rel}","templated":true}]}}