{"id":32369,"date":"2025-03-27T16:17:05","date_gmt":"2025-03-27T16:17:05","guid":{"rendered":"https:\/\/cnctulua.tv\/?p=32369"},"modified":"2025-03-27T16:17:05","modified_gmt":"2025-03-27T16:17:05","slug":"ultima-oportunidad-amplian-plazo-para-postularse-al-fondo-valleinn-y-fortalecer-tu-emprendimiento","status":"publish","type":"post","link":"https:\/\/cnctulua.tv\/?p=32369","title":{"rendered":"\u00a1\u00daLTIMA OPORTUNIDAD! AMPL\u00cdAN PLAZO PARA POSTULARSE AL FONDO VALLEINN+ Y FORTALECER TU EMPRENDIMIENTO."},"content":{"rendered":"\n<p>La Gobernaci\u00f3n del Valle del Cauca ha decidido ampliar el plazo para la inscripci\u00f3n y postulaci\u00f3n al Fondo ValleINN+ hasta el 11 de abril, dando una nueva oportunidad a los micro y peque\u00f1os emprendedores de Buenaventura, Palmira, Cartago, Tulu\u00e1 y Buga para fortalecer sus unidades de negocio. Esta iniciativa busca apoyar a los emprendedores de la regi\u00f3n a trav\u00e9s de incentivos en activos productivos, capacitaci\u00f3n y asesor\u00eda.<\/p>\n\n\n\n<figure class=\"wp-block-embed is-type-video is-provider-youtube wp-block-embed-youtube wp-embed-aspect-16-9 wp-has-aspect-ratio\"><div class=\"wp-block-embed__wrapper\">\n<iframe loading=\"lazy\" title=\"Ampliaci\u00f3n de plazo para postularse al Fondo ValleINN+ hasta el 11 de abril.\" width=\"640\" height=\"360\" src=\"https:\/\/www.youtube.com\/embed\/lSXCE1695zs?feature=oembed\" frameborder=\"0\" allow=\"accelerometer; autoplay; clipboard-write; encrypted-media; gyroscope; picture-in-picture; web-share\" referrerpolicy=\"strict-origin-when-cross-origin\" allowfullscreen><\/iframe>\n<\/div><\/figure>\n\n\n\n<p>El secretario de Desarrollo Econ\u00f3mico, Competitividad y Fomento del Empleo, \u00d3scar Eduardo Vivas, explic\u00f3 que la ampliaci\u00f3n del plazo, por dos semanas adicionales, tiene como objetivo garantizar que todos los emprendedores que cumplan con los t\u00e9rminos de referencia puedan participar en esta convocatoria. \u00abQueremos que las unidades productivas puedan ser fortalecidas con el Fondo ValleINN+. Les recomendamos que no dejen todo para \u00faltima hora\u00bb, indic\u00f3 Vivas.<\/p>\n\n\n\n<p>El Fondo ValleINN+ beneficiar\u00e1 a mil unidades productivas, incluyendo microempresas, famiempresas y 200 platoneras de Buenaventura. El programa ofrece activos productivos como maquinaria, herramientas y equipos espec\u00edficos para cada tipo de negocio, lo que permite a los emprendedores mejorar la calidad de su producci\u00f3n. \u00abNo vamos a entregar insumos que se gasten r\u00e1pidamente, como un mercado. En lugar de eso, entregamos activos productivos, como ollas o hornos para los que se dedican a la gastronom\u00eda\u00bb, explic\u00f3 el secretario.<\/p>\n\n\n\n<p>Adem\u00e1s de los incentivos en equipos e insumos, el Fondo ValleINN+ ofrece un acompa\u00f1amiento integral mediante capacitaciones y asesor\u00edas para ayudar a los emprendedores a desarrollar y hacer crecer sus negocios de manera sostenible.<\/p>\n\n\n\n<p>Los interesados en participar pueden consultar los t\u00e9rminos de referencia de la convocatoria en el portal web oficial de la Gobernaci\u00f3n del Valle del Cauca. Tambi\u00e9n pueden asistir a los Centros de Desarrollo Empresarial ubicados en la sede de la Universidad del Valle en cada municipio, donde recibir\u00e1n asesor\u00eda para completar correctamente su inscripci\u00f3n.<\/p>\n\n\n\n<p>Con esta ampliaci\u00f3n, la Gobernaci\u00f3n del Valle contin\u00faa promoviendo el emprendimiento y el desarrollo econ\u00f3mico en la regi\u00f3n, ofreciendo recursos y apoyo para ayudar a los emprendedores a crecer y fortalecer sus negocios.<\/p>\n","protected":false},"excerpt":{"rendered":"<p>La Gobernaci\u00f3n del Valle del Cauca ha decidido ampliar el plazo para la inscripci\u00f3n y postulaci\u00f3n al Fondo ValleINN+ hasta el 11 de abril, dando una nueva oportunidad a los micro y peque\u00f1os emprendedores de Buenaventura, Palmira, Cartago, Tulu\u00e1 y Buga para fortalecer sus unidades de negocio. Esta iniciativa busca apoyar a los emprendedores de [&hellip;]<\/p>\n","protected":false},"author":3,"featured_media":32409,"comment_status":"open","ping_status":"open","sticky":false,"template":"","format":"video","meta":{"footnotes":""},"categories":[10,1515],"tags":[],"class_list":["post-32369","post","type-post","status-publish","format-video","has-post-thumbnail","hentry","category-cnc-noticias-tulua","category-cnc-tulua","post_format-post-format-video"],"_links":{"self":[{"href":"https:\/\/cnctulua.tv\/index.php?rest_route=\/wp\/v2\/posts\/32369","targetHints":{"allow":["GET"]}}],"collection":[{"href":"https:\/\/cnctulua.tv\/index.php?rest_route=\/wp\/v2\/posts"}],"about":[{"href":"https:\/\/cnctulua.tv\/index.php?rest_route=\/wp\/v2\/types\/post"}],"author":[{"embeddable":true,"href":"https:\/\/cnctulua.tv\/index.php?rest_route=\/wp\/v2\/users\/3"}],"replies":[{"embeddable":true,"href":"https:\/\/cnctulua.tv\/index.php?rest_route=%2Fwp%2Fv2%2Fcomments&post=32369"}],"version-history":[{"count":1,"href":"https:\/\/cnctulua.tv\/index.php?rest_route=\/wp\/v2\/posts\/32369\/revisions"}],"predecessor-version":[{"id":32411,"href":"https:\/\/cnctulua.tv\/index.php?rest_route=\/wp\/v2\/posts\/32369\/revisions\/32411"}],"wp:featuredmedia":[{"embeddable":true,"href":"https:\/\/cnctulua.tv\/index.php?rest_route=\/wp\/v2\/media\/32409"}],"wp:attachment":[{"href":"https:\/\/cnctulua.tv\/index.php?rest_route=%2Fwp%2Fv2%2Fmedia&parent=32369"}],"wp:term":[{"taxonomy":"category","embeddable":true,"href":"https:\/\/cnctulua.tv\/index.php?rest_route=%2Fwp%2Fv2%2Fcategories&post=32369"},{"taxonomy":"post_tag","embeddable":true,"href":"https:\/\/cnctulua.tv\/index.php?rest_route=%2Fwp%2Fv2%2Ftags&post=32369"}],"curies":[{"name":"wp","href":"https:\/\/api.w.org\/{rel}","templated":true}]}}