{"id":32386,"date":"2025-03-27T18:34:05","date_gmt":"2025-03-27T18:34:05","guid":{"rendered":"https:\/\/cnctulua.tv\/?p=32386"},"modified":"2025-03-27T18:34:05","modified_gmt":"2025-03-27T18:34:05","slug":"jornada-de-intervencion-territorial-en-florida-valle-del-cauca-para-fortalecer-el-acceso-a-la-justicia","status":"publish","type":"post","link":"https:\/\/cnctulua.tv\/?p=32386","title":{"rendered":"JORNADA DE INTERVENCI\u00d3N TERRITORIAL EN FLORIDA, VALLE DEL CAUCA PARA FORTALECER EL ACCESO A LA JUSTICIA."},"content":{"rendered":"\n<p>Con el objetivo de mejorar el acceso a la justicia y fortalecer las rutas de atenci\u00f3n para las v\u00edctimas de violencia de g\u00e9nero, se realiz\u00f3 una jornada de intervenci\u00f3n territorial en el municipio de Florida, Valle del Cauca. Durante cuatro d\u00edas, se llevaron a cabo diversas actividades centradas en la socializaci\u00f3n de las rutas de atenci\u00f3n y protecci\u00f3n para las v\u00edctimas, especialmente aquellas relacionadas con ni\u00f1os, ni\u00f1as, adolescentes, comunidades ind\u00edgenas, \u00e9tnicas y l\u00edderes sociales.<\/p>\n\n\n\n<figure class=\"wp-block-embed is-type-video is-provider-youtube wp-block-embed-youtube wp-embed-aspect-16-9 wp-has-aspect-ratio\"><div class=\"wp-block-embed__wrapper\">\n<iframe loading=\"lazy\" title=\"Fiscal\u00eda General de la Naci\u00f3n: Realiz\u00f3 jornada de intervenci\u00f3n territorial en Florida.\" width=\"640\" height=\"360\" src=\"https:\/\/www.youtube.com\/embed\/cyYHoczxZLc?feature=oembed\" frameborder=\"0\" allow=\"accelerometer; autoplay; clipboard-write; encrypted-media; gyroscope; picture-in-picture; web-share\" referrerpolicy=\"strict-origin-when-cross-origin\" allowfullscreen><\/iframe>\n<\/div><\/figure>\n\n\n\n<p>La jornada incluy\u00f3 espacios de retroalimentaci\u00f3n con representantes de estas poblaciones, buscando fortalecer las acciones de atenci\u00f3n en el territorio. Tambi\u00e9n se realizaron investigaciones con enfoque de g\u00e9nero y derechos humanos, con el fin de obtener resultados efectivos y oportunos en la resoluci\u00f3n de los casos.<\/p>\n\n\n\n<figure class=\"wp-block-image size-full\"><img loading=\"lazy\" decoding=\"async\" width=\"878\" height=\"900\" src=\"https:\/\/cnctulua.tv\/wp-content\/uploads\/2025\/03\/WhatsApp-Image-2025-03-27-at-8.14.45-AM.jpeg\" alt=\"\" class=\"wp-image-32405\" srcset=\"https:\/\/cnctulua.tv\/wp-content\/uploads\/2025\/03\/WhatsApp-Image-2025-03-27-at-8.14.45-AM.jpeg 878w, https:\/\/cnctulua.tv\/wp-content\/uploads\/2025\/03\/WhatsApp-Image-2025-03-27-at-8.14.45-AM-293x300.jpeg 293w, https:\/\/cnctulua.tv\/wp-content\/uploads\/2025\/03\/WhatsApp-Image-2025-03-27-at-8.14.45-AM-768x787.jpeg 768w\" sizes=\"auto, (max-width: 878px) 100vw, 878px\" \/><\/figure>\n\n\n\n<p>Una de las actividades destacadas fue la Feria de Servicios, donde la comunidad recibi\u00f3 orientaci\u00f3n sobre los canales de acceso a la justicia. Adem\u00e1s, se desarroll\u00f3 el programa de prevenci\u00f3n del delito \u00abFuturo Colombia\u00bb, en el que participaron 1.495 estudiantes de tres instituciones educativas, con el objetivo de sensibilizarlos sobre los fen\u00f3menos delincuenciales y la importancia de prevenirlos.<\/p>\n\n\n\n<figure class=\"wp-block-image size-large\"><img loading=\"lazy\" decoding=\"async\" width=\"766\" height=\"1024\" src=\"https:\/\/cnctulua.tv\/wp-content\/uploads\/2025\/03\/WhatsApp-Image-2025-03-27-at-8.16.17-AM-766x1024.jpeg\" alt=\"\" class=\"wp-image-32422\" srcset=\"https:\/\/cnctulua.tv\/wp-content\/uploads\/2025\/03\/WhatsApp-Image-2025-03-27-at-8.16.17-AM-766x1024.jpeg 766w, https:\/\/cnctulua.tv\/wp-content\/uploads\/2025\/03\/WhatsApp-Image-2025-03-27-at-8.16.17-AM-224x300.jpeg 224w, https:\/\/cnctulua.tv\/wp-content\/uploads\/2025\/03\/WhatsApp-Image-2025-03-27-at-8.16.17-AM-768x1027.jpeg 768w, https:\/\/cnctulua.tv\/wp-content\/uploads\/2025\/03\/WhatsApp-Image-2025-03-27-at-8.16.17-AM.jpeg 957w\" sizes=\"auto, (max-width: 766px) 100vw, 766px\" \/><\/figure>\n\n\n\n<p>Con estas acciones, se busca garantizar una respuesta oportuna y efectiva ante situaciones de violencia, promoviendo la protecci\u00f3n de los derechos de las v\u00edctimas y el fortalecimiento del sistema de justicia en la regi\u00f3n.<\/p>\n","protected":false},"excerpt":{"rendered":"<p>Con el objetivo de mejorar el acceso a la justicia y fortalecer las rutas de atenci\u00f3n para las v\u00edctimas de violencia de g\u00e9nero, se realiz\u00f3 una jornada de intervenci\u00f3n territorial en el municipio de Florida, Valle del Cauca. Durante cuatro d\u00edas, se llevaron a cabo diversas actividades centradas en la socializaci\u00f3n de las rutas de [&hellip;]<\/p>\n","protected":false},"author":3,"featured_media":32421,"comment_status":"open","ping_status":"open","sticky":false,"template":"","format":"video","meta":{"footnotes":""},"categories":[10,1],"tags":[],"class_list":["post-32386","post","type-post","status-publish","format-video","has-post-thumbnail","hentry","category-cnc-noticias-tulua","category-uncategorized","post_format-post-format-video"],"_links":{"self":[{"href":"https:\/\/cnctulua.tv\/index.php?rest_route=\/wp\/v2\/posts\/32386","targetHints":{"allow":["GET"]}}],"collection":[{"href":"https:\/\/cnctulua.tv\/index.php?rest_route=\/wp\/v2\/posts"}],"about":[{"href":"https:\/\/cnctulua.tv\/index.php?rest_route=\/wp\/v2\/types\/post"}],"author":[{"embeddable":true,"href":"https:\/\/cnctulua.tv\/index.php?rest_route=\/wp\/v2\/users\/3"}],"replies":[{"embeddable":true,"href":"https:\/\/cnctulua.tv\/index.php?rest_route=%2Fwp%2Fv2%2Fcomments&post=32386"}],"version-history":[{"count":1,"href":"https:\/\/cnctulua.tv\/index.php?rest_route=\/wp\/v2\/posts\/32386\/revisions"}],"predecessor-version":[{"id":32436,"href":"https:\/\/cnctulua.tv\/index.php?rest_route=\/wp\/v2\/posts\/32386\/revisions\/32436"}],"wp:featuredmedia":[{"embeddable":true,"href":"https:\/\/cnctulua.tv\/index.php?rest_route=\/wp\/v2\/media\/32421"}],"wp:attachment":[{"href":"https:\/\/cnctulua.tv\/index.php?rest_route=%2Fwp%2Fv2%2Fmedia&parent=32386"}],"wp:term":[{"taxonomy":"category","embeddable":true,"href":"https:\/\/cnctulua.tv\/index.php?rest_route=%2Fwp%2Fv2%2Fcategories&post=32386"},{"taxonomy":"post_tag","embeddable":true,"href":"https:\/\/cnctulua.tv\/index.php?rest_route=%2Fwp%2Fv2%2Ftags&post=32386"}],"curies":[{"name":"wp","href":"https:\/\/api.w.org\/{rel}","templated":true}]}}